{"id":5657,"date":"2018-07-23T10:56:25","date_gmt":"2018-07-23T10:56:25","guid":{"rendered":"https:\/\/tiyana.net\/?p=5657"},"modified":"2018-12-27T17:40:10","modified_gmt":"2018-12-27T17:40:10","slug":"okupljanje-u-mostaru","status":"publish","type":"post","link":"https:\/\/tiyana.net\/sr\/okupljanje-u-mostaru\/","title":{"rendered":"Okupljanje u Mostaru"},"content":{"rendered":"<section  class=\"fw-main-row \" style=\"background-color:#ededed;padding-left:15px;padding-right:15px;padding-top:25px;padding-bottom:25px;\" >\n\t<div class=\"fw-container-fluid\">\n\t\t<div class=\"fw-row\">\n\t\t\n\t<div class=\"fw-col-xs-12 fw-col-sm-9 is-col\" style=\"\">\n\t\t\t\t\t<div class=\"is-text\">\n\t\t\t\n<p>U slu\u010daju da ste kao i ja, vrlo malo znali o gradu Mostaru, onda vam preporu\u010dujem knjigu - obiman projekat o ulozi srpskih porodica u vreme kulturnog i ekonomskog procvata grada. Bilic\u0301i, Dokic\u0301i, Jela\u010dic\u0301i, Pe\u0161ke i \u0160aini su imali zna\u010dajan uticaj na \u017eivot ovoga grada u 19. i 20. veku.<\/p><p><iframe loading=\"lazy\" id=\"ytplayer\" src=\"https:\/\/www.youtube.com\/embed\/hgRL2O7gJMc?autoplay=1&amp;mute=1&amp;loop=1&amp;modestbranding=1&amp;rel=0&amp;showinfo=0&amp;color=white\" width=\"720\" height=\"405\" frameborder=\"0\" allowfullscreen=\"allowfullscreen\"><\/iframe><\/p><p>Porodi\u010dno okupljanje je zaokru\u017eeno u monumentalnoj knjizi od preko 300 stranica, koju je objavio izdava\u010d <a href=\"http:\/\/svetknjige.net\/\" target=\"_blank\" rel=\"noopener\">Svet knjige<\/a>. Potomci porodica su uklju\u010deni u stvaranje ove knjige sa svojim svedo\u010denjima, se\u0107anjima i anegdotama.<\/p><p>Uvodnu re\u010d je napisao vladika Grigorije, a ostale tekstove potpisuju B. Pe\u0161ko, S. Andrejevi\u0107, Z. Serdarevi\u0107, D. Mastilovi\u0107, I. \u0160ain, R. Krulj i jo\u0161 autora potomaka porodica.<\/p><p>Maja 2016. godine sam fotografisala ovo sve\u010dano okupljanje i fotografije se nalaze u knjizi, ali osim njih, knjiga obiluje istorijskim podacima, dokumentima i fotografijama. Dok se listaju stranice, u tekstovima se\u0107anja i opisima grada, oseti se neka \u017eal i seta za vremenom laganog, intimnog, porodi\u010dnog \u017eivota, prijateljska i srda\u010dna atmosfera gradi\u0107a i me\u0111uljudska bliskost koja ne znam da li je proizi\u0161la iz te blage klime ili jednostavno dobro\u0107udnog naroda.<\/p><div class=\"fw-page-builder-content\"><section class=\"fw-main-row \"><div class=\"fw-container\"><div class=\"fw-row\"><div class=\"fw-col-xs-12\"><p>ISBN 978\u201386\u20137396\u2013652\u20136<\/p><\/div><\/div><\/div><\/section><\/div>\n\t\t\t<\/div>\n\t\t\t<\/div>\n<div class=\"fw-col-xs-12 fw-col-sm-3\" style=\"\">\n\t<div class=\"shortcode-widget-area\"><\/div>\n<\/div>\n<\/div>\n\n\t<\/div>\n<\/section>\n\n","protected":false},"excerpt":{"rendered":"<p>U slu\u010daju da ste kao i ja, vrlo malo znali o gradu Mostaru, onda vam preporu\u010dujem knjigu &#8211; obiman projekat o ulozi srpskih porodica u vreme kulturnog i ekonomskog procvata grada. Bilic\u0301i, Dokic\u0301i, Jela\u010dic\u0301i, Pe\u0161ke i \u0160aini su imali zna\u010dajan uticaj na \u017eivot ovoga grada u 19. i 20. veku.Porodi\u010dno okupljanje je zaokru\u017eeno u monumentalnoj [&hellip;]<\/p>\n","protected":false},"author":2,"featured_media":5681,"comment_status":"open","ping_status":"closed","sticky":false,"template":"","format":"standard","meta":{"_acf_changed":false,"advgb_blocks_editor_width":"","advgb_blocks_columns_visual_guide":"","footnotes":""},"categories":[104,58,23],"tags":[81,101,83,85],"class_list":["post-5657","post","type-post","status-publish","format-standard","has-post-thumbnail","hentry","category-angazmani","category-random-sr","category-putovanja","tag-angazmani","tag-inspiracija","tag-projekti","tag-video-sr"],"acf":[],"yoast_head":"<!-- This site is optimized with the Yoast SEO plugin v27.1.1 - https:\/\/yoast.com\/product\/yoast-seo-wordpress\/ -->\n<title>Okupljanje u Mostaru - Profesionalni fotograf Beograd, Srbija<\/title>\n<meta name=\"description\" content=\"Knjiga o ulozi srpskih porodica Bilic\u0301, Dokic\u0301, Jela\u010dic\u0301, Pe\u0161ko i \u0160ain u vreme kulturnog i ekonomskog procvata grada Mostara u 19. i 20. veku.\" \/>\n<meta name=\"robots\" content=\"index, follow, max-snippet:-1, max-image-preview:large, max-video-preview:-1\" \/>\n<link rel=\"canonical\" href=\"https:\/\/tiyana.net\/sr\/okupljanje-u-mostaru\/\" \/>\n<meta property=\"og:locale\" content=\"sr_RS\" \/>\n<meta property=\"og:type\" content=\"article\" \/>\n<meta property=\"og:title\" content=\"Okupljanje u Mostaru - Profesionalni fotograf Beograd, Srbija\" \/>\n<meta property=\"og:description\" content=\"Knjiga o ulozi srpskih porodica Bilic\u0301, Dokic\u0301, Jela\u010dic\u0301, Pe\u0161ko i \u0160ain u vreme kulturnog i ekonomskog procvata grada Mostara u 19. i 20. veku.\" \/>\n<meta property=\"og:url\" content=\"https:\/\/tiyana.net\/sr\/okupljanje-u-mostaru\/\" \/>\n<meta property=\"og:site_name\" content=\"Profesionalni fotograf Beograd, Srbija\" \/>\n<meta property=\"article:published_time\" content=\"2018-07-23T10:56:25+00:00\" \/>\n<meta property=\"article:modified_time\" content=\"2018-12-27T17:40:10+00:00\" \/>\n<meta property=\"og:image\" content=\"https:\/\/tiyana.net\/wp-content\/uploads\/2018\/07\/mostar-brigde.jpg\" \/>\n\t<meta property=\"og:image:width\" content=\"1170\" \/>\n\t<meta property=\"og:image:height\" content=\"811\" \/>\n\t<meta property=\"og:image:type\" content=\"image\/jpeg\" \/>\n<meta name=\"author\" content=\"Tiyana\" \/>\n<meta name=\"twitter:card\" content=\"summary_large_image\" \/>\n<meta name=\"twitter:label1\" content=\"\u041d\u0430\u043f\u0438\u0441\u0430\u043d\u043e \u043e\u0434\" \/>\n\t<meta name=\"twitter:data1\" content=\"Tiyana\" \/>\n\t<meta name=\"twitter:label2\" content=\"\u041f\u0440\u043e\u0446\u0435\u045a\u0435\u043d\u043e \u0432\u0440\u0435\u043c\u0435 \u0447\u0438\u0442\u0430\u045a\u0430\" \/>\n\t<meta name=\"twitter:data2\" content=\"2 \u043c\u0438\u043d\u0443\u0442\u0430\" \/>\n<script type=\"application\/ld+json\" class=\"yoast-schema-graph\">{\"@context\":\"https:\/\/schema.org\",\"@graph\":[{\"@type\":\"Article\",\"@id\":\"https:\/\/tiyana.net\/sr\/okupljanje-u-mostaru\/#article\",\"isPartOf\":{\"@id\":\"https:\/\/tiyana.net\/sr\/okupljanje-u-mostaru\/\"},\"author\":{\"name\":\"Tiyana\",\"@id\":\"https:\/\/tiyana.net\/sr\/#\/schema\/person\/99d5b93f2587f4ce935f593ba0533b45\"},\"headline\":\"Okupljanje u Mostaru\",\"datePublished\":\"2018-07-23T10:56:25+00:00\",\"dateModified\":\"2018-12-27T17:40:10+00:00\",\"mainEntityOfPage\":{\"@id\":\"https:\/\/tiyana.net\/sr\/okupljanje-u-mostaru\/\"},\"wordCount\":344,\"commentCount\":0,\"publisher\":{\"@id\":\"https:\/\/tiyana.net\/sr\/#organization\"},\"image\":{\"@id\":\"https:\/\/tiyana.net\/sr\/okupljanje-u-mostaru\/#primaryimage\"},\"thumbnailUrl\":\"https:\/\/tiyana.net\/wp-content\/uploads\/2018\/07\/mostar-brigde.jpg\",\"keywords\":[\"Anga\u017emani\",\"Inspiracija\",\"Projekti\",\"Video\"],\"articleSection\":[\"Anga\u017emani\",\"Novi projekti\",\"Putovanja\"],\"inLanguage\":\"sr-RS\",\"potentialAction\":[{\"@type\":\"CommentAction\",\"name\":\"Comment\",\"target\":[\"https:\/\/tiyana.net\/sr\/okupljanje-u-mostaru\/#respond\"]}]},{\"@type\":\"WebPage\",\"@id\":\"https:\/\/tiyana.net\/sr\/okupljanje-u-mostaru\/\",\"url\":\"https:\/\/tiyana.net\/sr\/okupljanje-u-mostaru\/\",\"name\":\"Okupljanje u Mostaru - Profesionalni fotograf Beograd, Srbija\",\"isPartOf\":{\"@id\":\"https:\/\/tiyana.net\/sr\/#website\"},\"primaryImageOfPage\":{\"@id\":\"https:\/\/tiyana.net\/sr\/okupljanje-u-mostaru\/#primaryimage\"},\"image\":{\"@id\":\"https:\/\/tiyana.net\/sr\/okupljanje-u-mostaru\/#primaryimage\"},\"thumbnailUrl\":\"https:\/\/tiyana.net\/wp-content\/uploads\/2018\/07\/mostar-brigde.jpg\",\"datePublished\":\"2018-07-23T10:56:25+00:00\",\"dateModified\":\"2018-12-27T17:40:10+00:00\",\"description\":\"Knjiga o ulozi srpskih porodica Bilic\u0301, Dokic\u0301, Jela\u010dic\u0301, Pe\u0161ko i \u0160ain u vreme kulturnog i ekonomskog procvata grada Mostara u 19. i 20. veku.\",\"breadcrumb\":{\"@id\":\"https:\/\/tiyana.net\/sr\/okupljanje-u-mostaru\/#breadcrumb\"},\"inLanguage\":\"sr-RS\",\"potentialAction\":[{\"@type\":\"ReadAction\",\"target\":[\"https:\/\/tiyana.net\/sr\/okupljanje-u-mostaru\/\"]}]},{\"@type\":\"ImageObject\",\"inLanguage\":\"sr-RS\",\"@id\":\"https:\/\/tiyana.net\/sr\/okupljanje-u-mostaru\/#primaryimage\",\"url\":\"https:\/\/tiyana.net\/wp-content\/uploads\/2018\/07\/mostar-brigde.jpg\",\"contentUrl\":\"https:\/\/tiyana.net\/wp-content\/uploads\/2018\/07\/mostar-brigde.jpg\",\"width\":1170,\"height\":811,\"caption\":\"View on Mostar Brige with Mosque behind\"},{\"@type\":\"BreadcrumbList\",\"@id\":\"https:\/\/tiyana.net\/sr\/okupljanje-u-mostaru\/#breadcrumb\",\"itemListElement\":[{\"@type\":\"ListItem\",\"position\":1,\"name\":\"Home\",\"item\":\"https:\/\/tiyana.net\/sr\/\"},{\"@type\":\"ListItem\",\"position\":2,\"name\":\"Okupljanje u Mostaru\"}]},{\"@type\":\"WebSite\",\"@id\":\"https:\/\/tiyana.net\/sr\/#website\",\"url\":\"https:\/\/tiyana.net\/sr\/\",\"name\":\"Profesionalni fotograf Beograd, Srbija\",\"description\":\"Profesionalni fotograf specijalizovan za portrete, modnu, reklamnu i produkt fotografiju, foto studio u Beogradu\",\"publisher\":{\"@id\":\"https:\/\/tiyana.net\/sr\/#organization\"},\"potentialAction\":[{\"@type\":\"SearchAction\",\"target\":{\"@type\":\"EntryPoint\",\"urlTemplate\":\"https:\/\/tiyana.net\/sr\/?s={search_term_string}\"},\"query-input\":{\"@type\":\"PropertyValueSpecification\",\"valueRequired\":true,\"valueName\":\"search_term_string\"}}],\"inLanguage\":\"sr-RS\"},{\"@type\":\"Organization\",\"@id\":\"https:\/\/tiyana.net\/sr\/#organization\",\"name\":\"Profesionalni fotograf Beograd, Srbija\",\"url\":\"https:\/\/tiyana.net\/sr\/\",\"logo\":{\"@type\":\"ImageObject\",\"inLanguage\":\"sr-RS\",\"@id\":\"https:\/\/tiyana.net\/sr\/#\/schema\/logo\/image\/\",\"url\":\"https:\/\/tiyana.net\/wp-content\/uploads\/2022\/07\/catenamedialogo.jpg\",\"contentUrl\":\"https:\/\/tiyana.net\/wp-content\/uploads\/2022\/07\/catenamedialogo.jpg\",\"width\":525,\"height\":525,\"caption\":\"Profesionalni fotograf Beograd, Srbija\"},\"image\":{\"@id\":\"https:\/\/tiyana.net\/sr\/#\/schema\/logo\/image\/\"}},{\"@type\":\"Person\",\"@id\":\"https:\/\/tiyana.net\/sr\/#\/schema\/person\/99d5b93f2587f4ce935f593ba0533b45\",\"name\":\"Tiyana\",\"image\":{\"@type\":\"ImageObject\",\"inLanguage\":\"sr-RS\",\"@id\":\"https:\/\/tiyana.net\/sr\/#\/schema\/person\/image\/\",\"url\":\"https:\/\/secure.gravatar.com\/avatar\/3c9d06dc405caac7e2317f9ee34c97c82b3081977e5850fab48fbc440b432515?s=96&d=blank&r=g\",\"contentUrl\":\"https:\/\/secure.gravatar.com\/avatar\/3c9d06dc405caac7e2317f9ee34c97c82b3081977e5850fab48fbc440b432515?s=96&d=blank&r=g\",\"caption\":\"Tiyana\"},\"sameAs\":[\"https:\/\/tiyana.net\"],\"url\":\"https:\/\/tiyana.net\/sr\/author\/tiyana\/\"}]}<\/script>\n<!-- \/ Yoast SEO plugin. -->","yoast_head_json":{"title":"Okupljanje u Mostaru - Profesionalni fotograf Beograd, Srbija","description":"Knjiga o ulozi srpskih porodica Bilic\u0301, Dokic\u0301, Jela\u010dic\u0301, Pe\u0161ko i \u0160ain u vreme kulturnog i ekonomskog procvata grada Mostara u 19. i 20. veku.","robots":{"index":"index","follow":"follow","max-snippet":"max-snippet:-1","max-image-preview":"max-image-preview:large","max-video-preview":"max-video-preview:-1"},"canonical":"https:\/\/tiyana.net\/sr\/okupljanje-u-mostaru\/","og_locale":"sr_RS","og_type":"article","og_title":"Okupljanje u Mostaru - Profesionalni fotograf Beograd, Srbija","og_description":"Knjiga o ulozi srpskih porodica Bilic\u0301, Dokic\u0301, Jela\u010dic\u0301, Pe\u0161ko i \u0160ain u vreme kulturnog i ekonomskog procvata grada Mostara u 19. i 20. veku.","og_url":"https:\/\/tiyana.net\/sr\/okupljanje-u-mostaru\/","og_site_name":"Profesionalni fotograf Beograd, Srbija","article_published_time":"2018-07-23T10:56:25+00:00","article_modified_time":"2018-12-27T17:40:10+00:00","og_image":[{"width":1170,"height":811,"url":"https:\/\/tiyana.net\/wp-content\/uploads\/2018\/07\/mostar-brigde.jpg","type":"image\/jpeg"}],"author":"Tiyana","twitter_card":"summary_large_image","twitter_misc":{"\u041d\u0430\u043f\u0438\u0441\u0430\u043d\u043e \u043e\u0434":"Tiyana","\u041f\u0440\u043e\u0446\u0435\u045a\u0435\u043d\u043e \u0432\u0440\u0435\u043c\u0435 \u0447\u0438\u0442\u0430\u045a\u0430":"2 \u043c\u0438\u043d\u0443\u0442\u0430"},"schema":{"@context":"https:\/\/schema.org","@graph":[{"@type":"Article","@id":"https:\/\/tiyana.net\/sr\/okupljanje-u-mostaru\/#article","isPartOf":{"@id":"https:\/\/tiyana.net\/sr\/okupljanje-u-mostaru\/"},"author":{"name":"Tiyana","@id":"https:\/\/tiyana.net\/sr\/#\/schema\/person\/99d5b93f2587f4ce935f593ba0533b45"},"headline":"Okupljanje u Mostaru","datePublished":"2018-07-23T10:56:25+00:00","dateModified":"2018-12-27T17:40:10+00:00","mainEntityOfPage":{"@id":"https:\/\/tiyana.net\/sr\/okupljanje-u-mostaru\/"},"wordCount":344,"commentCount":0,"publisher":{"@id":"https:\/\/tiyana.net\/sr\/#organization"},"image":{"@id":"https:\/\/tiyana.net\/sr\/okupljanje-u-mostaru\/#primaryimage"},"thumbnailUrl":"https:\/\/tiyana.net\/wp-content\/uploads\/2018\/07\/mostar-brigde.jpg","keywords":["Anga\u017emani","Inspiracija","Projekti","Video"],"articleSection":["Anga\u017emani","Novi projekti","Putovanja"],"inLanguage":"sr-RS","potentialAction":[{"@type":"CommentAction","name":"Comment","target":["https:\/\/tiyana.net\/sr\/okupljanje-u-mostaru\/#respond"]}]},{"@type":"WebPage","@id":"https:\/\/tiyana.net\/sr\/okupljanje-u-mostaru\/","url":"https:\/\/tiyana.net\/sr\/okupljanje-u-mostaru\/","name":"Okupljanje u Mostaru - Profesionalni fotograf Beograd, Srbija","isPartOf":{"@id":"https:\/\/tiyana.net\/sr\/#website"},"primaryImageOfPage":{"@id":"https:\/\/tiyana.net\/sr\/okupljanje-u-mostaru\/#primaryimage"},"image":{"@id":"https:\/\/tiyana.net\/sr\/okupljanje-u-mostaru\/#primaryimage"},"thumbnailUrl":"https:\/\/tiyana.net\/wp-content\/uploads\/2018\/07\/mostar-brigde.jpg","datePublished":"2018-07-23T10:56:25+00:00","dateModified":"2018-12-27T17:40:10+00:00","description":"Knjiga o ulozi srpskih porodica Bilic\u0301, Dokic\u0301, Jela\u010dic\u0301, Pe\u0161ko i \u0160ain u vreme kulturnog i ekonomskog procvata grada Mostara u 19. i 20. veku.","breadcrumb":{"@id":"https:\/\/tiyana.net\/sr\/okupljanje-u-mostaru\/#breadcrumb"},"inLanguage":"sr-RS","potentialAction":[{"@type":"ReadAction","target":["https:\/\/tiyana.net\/sr\/okupljanje-u-mostaru\/"]}]},{"@type":"ImageObject","inLanguage":"sr-RS","@id":"https:\/\/tiyana.net\/sr\/okupljanje-u-mostaru\/#primaryimage","url":"https:\/\/tiyana.net\/wp-content\/uploads\/2018\/07\/mostar-brigde.jpg","contentUrl":"https:\/\/tiyana.net\/wp-content\/uploads\/2018\/07\/mostar-brigde.jpg","width":1170,"height":811,"caption":"View on Mostar Brige with Mosque behind"},{"@type":"BreadcrumbList","@id":"https:\/\/tiyana.net\/sr\/okupljanje-u-mostaru\/#breadcrumb","itemListElement":[{"@type":"ListItem","position":1,"name":"Home","item":"https:\/\/tiyana.net\/sr\/"},{"@type":"ListItem","position":2,"name":"Okupljanje u Mostaru"}]},{"@type":"WebSite","@id":"https:\/\/tiyana.net\/sr\/#website","url":"https:\/\/tiyana.net\/sr\/","name":"Profesionalni fotograf Beograd, Srbija","description":"Profesionalni fotograf specijalizovan za portrete, modnu, reklamnu i produkt fotografiju, foto studio u Beogradu","publisher":{"@id":"https:\/\/tiyana.net\/sr\/#organization"},"potentialAction":[{"@type":"SearchAction","target":{"@type":"EntryPoint","urlTemplate":"https:\/\/tiyana.net\/sr\/?s={search_term_string}"},"query-input":{"@type":"PropertyValueSpecification","valueRequired":true,"valueName":"search_term_string"}}],"inLanguage":"sr-RS"},{"@type":"Organization","@id":"https:\/\/tiyana.net\/sr\/#organization","name":"Profesionalni fotograf Beograd, Srbija","url":"https:\/\/tiyana.net\/sr\/","logo":{"@type":"ImageObject","inLanguage":"sr-RS","@id":"https:\/\/tiyana.net\/sr\/#\/schema\/logo\/image\/","url":"https:\/\/tiyana.net\/wp-content\/uploads\/2022\/07\/catenamedialogo.jpg","contentUrl":"https:\/\/tiyana.net\/wp-content\/uploads\/2022\/07\/catenamedialogo.jpg","width":525,"height":525,"caption":"Profesionalni fotograf Beograd, Srbija"},"image":{"@id":"https:\/\/tiyana.net\/sr\/#\/schema\/logo\/image\/"}},{"@type":"Person","@id":"https:\/\/tiyana.net\/sr\/#\/schema\/person\/99d5b93f2587f4ce935f593ba0533b45","name":"Tiyana","image":{"@type":"ImageObject","inLanguage":"sr-RS","@id":"https:\/\/tiyana.net\/sr\/#\/schema\/person\/image\/","url":"https:\/\/secure.gravatar.com\/avatar\/3c9d06dc405caac7e2317f9ee34c97c82b3081977e5850fab48fbc440b432515?s=96&d=blank&r=g","contentUrl":"https:\/\/secure.gravatar.com\/avatar\/3c9d06dc405caac7e2317f9ee34c97c82b3081977e5850fab48fbc440b432515?s=96&d=blank&r=g","caption":"Tiyana"},"sameAs":["https:\/\/tiyana.net"],"url":"https:\/\/tiyana.net\/sr\/author\/tiyana\/"}]}},"author_meta":{"display_name":"Tiyana","author_link":"https:\/\/tiyana.net\/sr\/author\/tiyana\/"},"featured_img":"https:\/\/tiyana.net\/wp-content\/uploads\/2018\/07\/mostar-brigde-300x208.jpg","coauthors":[],"tax_additional":{"categories":{"linked":["<a href=\"https:\/\/tiyana.net\/sr\/category\/angazmani\/\" class=\"advgb-post-tax-term\">Anga\u017emani<\/a>","<a href=\"https:\/\/tiyana.net\/sr\/category\/random-sr\/\" class=\"advgb-post-tax-term\">Novi projekti<\/a>","<a href=\"https:\/\/tiyana.net\/sr\/category\/putovanja\/\" class=\"advgb-post-tax-term\">Putovanja<\/a>"],"unlinked":["<span class=\"advgb-post-tax-term\">Anga\u017emani<\/span>","<span class=\"advgb-post-tax-term\">Novi projekti<\/span>","<span class=\"advgb-post-tax-term\">Putovanja<\/span>"]},"tags":{"linked":["<a href=\"https:\/\/tiyana.net\/sr\/category\/putovanja\/\" class=\"advgb-post-tax-term\">Anga\u017emani<\/a>","<a href=\"https:\/\/tiyana.net\/sr\/category\/putovanja\/\" class=\"advgb-post-tax-term\">Inspiracija<\/a>","<a href=\"https:\/\/tiyana.net\/sr\/category\/putovanja\/\" class=\"advgb-post-tax-term\">Projekti<\/a>","<a href=\"https:\/\/tiyana.net\/sr\/category\/putovanja\/\" class=\"advgb-post-tax-term\">Video<\/a>"],"unlinked":["<span class=\"advgb-post-tax-term\">Anga\u017emani<\/span>","<span class=\"advgb-post-tax-term\">Inspiracija<\/span>","<span class=\"advgb-post-tax-term\">Projekti<\/span>","<span class=\"advgb-post-tax-term\">Video<\/span>"]}},"comment_count":"0","relative_dates":{"created":"Posted 8 \u0433\u043e\u0434\u0438\u043d\u0430 ago","modified":"Updated 7 \u0433\u043e\u0434\u0438\u043d\u0430 ago"},"absolute_dates":{"created":"Posted on 23\/07\/2018","modified":"Updated on 27\/12\/2018"},"absolute_dates_time":{"created":"Posted on 23\/07\/2018 10:56","modified":"Updated on 27\/12\/2018 17:40"},"featured_img_caption":"","series_order":"","_links":{"self":[{"href":"https:\/\/tiyana.net\/sr\/wp-json\/wp\/v2\/posts\/5657","targetHints":{"allow":["GET"]}}],"collection":[{"href":"https:\/\/tiyana.net\/sr\/wp-json\/wp\/v2\/posts"}],"about":[{"href":"https:\/\/tiyana.net\/sr\/wp-json\/wp\/v2\/types\/post"}],"author":[{"embeddable":true,"href":"https:\/\/tiyana.net\/sr\/wp-json\/wp\/v2\/users\/2"}],"replies":[{"embeddable":true,"href":"https:\/\/tiyana.net\/sr\/wp-json\/wp\/v2\/comments?post=5657"}],"version-history":[{"count":0,"href":"https:\/\/tiyana.net\/sr\/wp-json\/wp\/v2\/posts\/5657\/revisions"}],"wp:featuredmedia":[{"embeddable":true,"href":"https:\/\/tiyana.net\/sr\/wp-json\/wp\/v2\/media\/5681"}],"wp:attachment":[{"href":"https:\/\/tiyana.net\/sr\/wp-json\/wp\/v2\/media?parent=5657"}],"wp:term":[{"taxonomy":"category","embeddable":true,"href":"https:\/\/tiyana.net\/sr\/wp-json\/wp\/v2\/categories?post=5657"},{"taxonomy":"post_tag","embeddable":true,"href":"https:\/\/tiyana.net\/sr\/wp-json\/wp\/v2\/tags?post=5657"}],"curies":[{"name":"wp","href":"https:\/\/api.w.org\/{rel}","templated":true}]}}