{"id":19772,"date":"2024-09-24T12:10:12","date_gmt":"2024-09-24T11:10:12","guid":{"rendered":"https:\/\/tiyana.net\/?p=19772"},"modified":"2024-09-27T11:17:01","modified_gmt":"2024-09-27T10:17:01","slug":"jesenja-izlozba","status":"publish","type":"post","link":"https:\/\/tiyana.net\/sr\/jesenja-izlozba\/","title":{"rendered":"Jesenja izlo\u017eba"},"content":{"rendered":"\n\n\n<p>Pozivam vas na otvaranje Jesenje izlo\u017ebe u umetni\u010dkom paviljonu Cvijeta Zuzori\u0107 na Kalemegdanu u Beogradu. Na izlo\u017ebi \u0107e izlagati oko 60 umetnika me\u0111u kojima sam i ja.<\/p>\n\n\n\n<div class=\"wp-block-advgb-infobox advgb-infobox-wrapper has-text-align-center advgb-infobox-2f1567e7-8867-412c-98f2-752dc1e80c26\"><div class=\"advgb-infobox-wrap\"><div class=\"advgb-infobox-icon-container\"><div class=\"advgb-infobox-icon-inner-container\"><i class=\"material-icons-outlined\">account_balance<\/i><\/div><\/div><div class=\"advgb-infobox-textcontent\"><h3 class=\"advgb-infobox-title\">Otvaranje je  26. septembra u 19 \u010dasova<\/h3><p class=\"advgb-infobox-text\">Izlo\u017eba \u0107e biti otvorena za posetioce do 17. oktobra 2024.<\/p><\/div><\/div><\/div>\n\n\n\n<p><a href=\"https:\/\/www.instagram.com\/reel\/DAS8BVoIu3J\/?utm_source=ig_embed&amp;utm_campaign=loading\" target=\"_blank\" rel=\"noreferrer noopener\"><\/a><\/p>\n\n\n\n<div class=\"wp-block-advgb-columns advgb-columns-wrapper\" id=\"advgb-cols-fce52b7f-11ac-4f71-b749-652fd68aa554\"><div class=\"advgb-columns-container\"><div class=\"advgb-columns advgb-columns-row advgb-is-mobile advgb-columns-2 layout-13-23 tbl-layout-stacked mbl-layout-stacked gutter-10 vgutter-10\">\n<div class=\"wp-block-advgb-column advgb-column advgb-is-one-third-desktop advgb-is-full-tablet advgb-is-full-mobile\" id=\"advgb-col-de805204-047a-4d28-99e3-3887c3051dbc\"><div class=\"advgb-column-inner\" style=\"border-style:none;border-width:1px\">\n<blockquote class=\"instagram-media\" data-instgrm-permalink=\"https:\/\/www.instagram.com\/reel\/DAS8BVoIu3J\/?utm_source=ig_embed&amp;utm_campaign=loading\" data-instgrm-version=\"14\" style=\" background:#FFF; border:0; border-radius:3px; box-shadow:0 0 1px 0 rgba(0,0,0,0.5),0 1px 10px 0 rgba(0,0,0,0.15); margin: 1px; max-width:540px; min-width:326px; padding:0; width:99.375%; width:-webkit-calc(100% - 2px); width:calc(100% - 2px);\"><div style=\"padding:16px;\"> <a href=\"https:\/\/www.instagram.com\/reel\/DAS8BVoIu3J\/?utm_source=ig_embed&amp;utm_campaign=loading\" style=\" background:#FFFFFF; line-height:0; padding:0 0; text-align:center; text-decoration:none; width:100%;\" target=\"_blank\" rel=\"noopener\"> <div style=\" display: flex; flex-direction: row; align-items: center;\"> <div style=\"background-color: #F4F4F4; border-radius: 50%; flex-grow: 0; height: 40px; margin-right: 14px; width: 40px;\"><\/div> <div style=\"display: flex; flex-direction: column; flex-grow: 1; justify-content: center;\"> <div style=\" background-color: #F4F4F4; border-radius: 4px; flex-grow: 0; height: 14px; margin-bottom: 6px; width: 100px;\"><\/div> <div style=\" background-color: #F4F4F4; border-radius: 4px; flex-grow: 0; height: 14px; width: 60px;\"><\/div><\/div><\/div><div style=\"padding: 19% 0;\"><\/div> <div style=\"display:block; height:50px; margin:0 auto 12px; width:50px;\"><svg width=\"50px\" height=\"50px\" viewBox=\"0 0 60 60\" version=\"1.1\" xmlns=\"https:\/\/www.w3.org\/2000\/svg\" xmlns:xlink=\"https:\/\/www.w3.org\/1999\/xlink\"><g stroke=\"none\" stroke-width=\"1\" fill=\"none\" fill-rule=\"evenodd\"><g transform=\"translate(-511.000000, -20.000000)\" fill=\"#000000\"><g><path d=\"M556.869,30.41 C554.814,30.41 553.148,32.076 553.148,34.131 C553.148,36.186 554.814,37.852 556.869,37.852 C558.924,37.852 560.59,36.186 560.59,34.131 C560.59,32.076 558.924,30.41 556.869,30.41 M541,60.657 C535.114,60.657 530.342,55.887 530.342,50 C530.342,44.114 535.114,39.342 541,39.342 C546.887,39.342 551.658,44.114 551.658,50 C551.658,55.887 546.887,60.657 541,60.657 M541,33.886 C532.1,33.886 524.886,41.1 524.886,50 C524.886,58.899 532.1,66.113 541,66.113 C549.9,66.113 557.115,58.899 557.115,50 C557.115,41.1 549.9,33.886 541,33.886 M565.378,62.101 C565.244,65.022 564.756,66.606 564.346,67.663 C563.803,69.06 563.154,70.057 562.106,71.106 C561.058,72.155 560.06,72.803 558.662,73.347 C557.607,73.757 556.021,74.244 553.102,74.378 C549.944,74.521 548.997,74.552 541,74.552 C533.003,74.552 532.056,74.521 528.898,74.378 C525.979,74.244 524.393,73.757 523.338,73.347 C521.94,72.803 520.942,72.155 519.894,71.106 C518.846,70.057 518.197,69.06 517.654,67.663 C517.244,66.606 516.755,65.022 516.623,62.101 C516.479,58.943 516.448,57.996 516.448,50 C516.448,42.003 516.479,41.056 516.623,37.899 C516.755,34.978 517.244,33.391 517.654,32.338 C518.197,30.938 518.846,29.942 519.894,28.894 C520.942,27.846 521.94,27.196 523.338,26.654 C524.393,26.244 525.979,25.756 528.898,25.623 C532.057,25.479 533.004,25.448 541,25.448 C548.997,25.448 549.943,25.479 553.102,25.623 C556.021,25.756 557.607,26.244 558.662,26.654 C560.06,27.196 561.058,27.846 562.106,28.894 C563.154,29.942 563.803,30.938 564.346,32.338 C564.756,33.391 565.244,34.978 565.378,37.899 C565.522,41.056 565.552,42.003 565.552,50 C565.552,57.996 565.522,58.943 565.378,62.101 M570.82,37.631 C570.674,34.438 570.167,32.258 569.425,30.349 C568.659,28.377 567.633,26.702 565.965,25.035 C564.297,23.368 562.623,22.342 560.652,21.575 C558.743,20.834 556.562,20.326 553.369,20.18 C550.169,20.033 549.148,20 541,20 C532.853,20 531.831,20.033 528.631,20.18 C525.438,20.326 523.257,20.834 521.349,21.575 C519.376,22.342 517.703,23.368 516.035,25.035 C514.368,26.702 513.342,28.377 512.574,30.349 C511.834,32.258 511.326,34.438 511.181,37.631 C511.035,40.831 511,41.851 511,50 C511,58.147 511.035,59.17 511.181,62.369 C511.326,65.562 511.834,67.743 512.574,69.651 C513.342,71.625 514.368,73.296 516.035,74.965 C517.703,76.634 519.376,77.658 521.349,78.425 C523.257,79.167 525.438,79.673 528.631,79.82 C531.831,79.965 532.853,80.001 541,80.001 C549.148,80.001 550.169,79.965 553.369,79.82 C556.562,79.673 558.743,79.167 560.652,78.425 C562.623,77.658 564.297,76.634 565.965,74.965 C567.633,73.296 568.659,71.625 569.425,69.651 C570.167,67.743 570.674,65.562 570.82,62.369 C570.966,59.17 571,58.147 571,50 C571,41.851 570.966,40.831 570.82,37.631\"><\/path><\/g><\/g><\/g><\/svg><\/div><div style=\"padding-top: 8px;\"> <div style=\" color:#3897f0; font-family:Arial,sans-serif; font-size:14px; font-style:normal; font-weight:550; line-height:18px;\">View this post on Instagram<\/div><\/div><div style=\"padding: 12.5% 0;\"><\/div> <div style=\"display: flex; flex-direction: row; margin-bottom: 14px; align-items: center;\"><div> <div style=\"background-color: #F4F4F4; border-radius: 50%; height: 12.5px; width: 12.5px; transform: translateX(0px) translateY(7px);\"><\/div> <div style=\"background-color: #F4F4F4; height: 12.5px; transform: rotate(-45deg) translateX(3px) translateY(1px); width: 12.5px; flex-grow: 0; margin-right: 14px; margin-left: 2px;\"><\/div> <div style=\"background-color: #F4F4F4; border-radius: 50%; height: 12.5px; width: 12.5px; transform: translateX(9px) translateY(-18px);\"><\/div><\/div><div style=\"margin-left: 8px;\"> <div style=\" background-color: #F4F4F4; border-radius: 50%; flex-grow: 0; height: 20px; width: 20px;\"><\/div> <div style=\" width: 0; height: 0; border-top: 2px solid transparent; border-left: 6px solid #f4f4f4; border-bottom: 2px solid transparent; transform: translateX(16px) translateY(-4px) rotate(30deg)\"><\/div><\/div><div style=\"margin-left: auto;\"> <div style=\" width: 0px; border-top: 8px solid #F4F4F4; border-right: 8px solid transparent; transform: translateY(16px);\"><\/div> <div style=\" background-color: #F4F4F4; flex-grow: 0; height: 12px; width: 16px; transform: translateY(-4px);\"><\/div> <div style=\" width: 0; height: 0; border-top: 8px solid #F4F4F4; border-left: 8px solid transparent; transform: translateY(-4px) translateX(8px);\"><\/div><\/div><\/div> <div style=\"display: flex; flex-direction: column; flex-grow: 1; justify-content: center; margin-bottom: 24px;\"> <div style=\" background-color: #F4F4F4; border-radius: 4px; flex-grow: 0; height: 14px; margin-bottom: 6px; width: 224px;\"><\/div> <div style=\" background-color: #F4F4F4; border-radius: 4px; flex-grow: 0; height: 14px; width: 144px;\"><\/div><\/div><\/a><p style=\" color:#c9c8cd; font-family:Arial,sans-serif; font-size:14px; line-height:17px; margin-bottom:0; margin-top:8px; overflow:hidden; padding:8px 0 7px; text-align:center; text-overflow:ellipsis; white-space:nowrap;\"><a href=\"https:\/\/www.instagram.com\/reel\/DAS8BVoIu3J\/?utm_source=ig_embed&amp;utm_campaign=loading\" style=\" color:#c9c8cd; font-family:Arial,sans-serif; font-size:14px; font-style:normal; font-weight:normal; line-height:17px; text-decoration:none;\" target=\"_blank\" rel=\"noopener\">A post shared by \ud835\udd4b\ud835\udd40\ud835\udd50\ud835\udd38\u2115\ud835\udd38 \ud83c\udf50 (@tinuskakruska)<\/a><\/p><\/div><\/blockquote>\n<script async src=\"\/\/www.instagram.com\/embed.js\"><\/script>\n<\/div><\/div>\n\n\n\n<div class=\"wp-block-advgb-column advgb-column advgb-is-two-thirds-desktop advgb-is-full-tablet advgb-is-full-mobile\" id=\"advgb-col-21530815-3ab7-4203-9527-ec471fd5bced\"><div class=\"advgb-column-inner\" style=\"border-style:none;border-width:1px\">\n<p>Izlo\u017eba je pod zvani\u010dnim nazivom <a href=\"https:\/\/ulus.rs\/blog\/jesenja-izlozba-5-preko-granica-izvanrednosti\/\">Jesenja izlo\u017eba \/ 5+: Preko granica izvanrednosti<\/a><\/p>\n\n\n\n<p>Tekst o izlo\u017ebi sa ULUS-ovog sajta je ispod u opisu:<\/p>\n\n\n\n<p>Udru\u017eenje likovnih umetnika Srbije (ULUS) vas poziva na otvaranje tradicionalne Jesenje izlo\u017ebe ULUS-a pod nazivom \u201e5+: Preko granica izvanrednosti\u201c, koje \u0107e se odr\u017eati u \u010detvrtak, 26. septembra u Umetni\u010dkom paviljonu \u201cCvijeta Zuzori\u0107\u201d sa po\u010detkom u 19 \u010dasova.<\/p>\n\n\n\n<p><em>5+<\/em>:&nbsp;<em>Preko granica izvanrednosti<\/em>&nbsp;istra\u017euje koncept \u201e5+\u201c u kontekstu koji izaziva tradicionalne pojmove izvanrednosti. Postavljena u okru\u017eenju dalekom od konvencionalnih standarda, izlo\u017eba se bavi temama pre\u017eivljavanja, otpornosti i onoga \u0161to ostaje kada se prevazi\u0111u tradicionalne mere uspeha. Ova izlo\u017eba dolazi nakon pet godina poku\u0161aja stvaranja infrastrukturnih promena u okviru ULUS-a, \u0161to dodaje kontekstualne refleksije i pristup temama koje su u fokusu izlo\u017ebe.<\/p>\n\n\n\n<p>Jesenja izlo\u017eba \u201924 istra\u017euje vi\u0161eslojnu temu prevrednovanja, pozivaju\u0107i \u010dlanove i \u010dlanice ULUS-a da izazovu tradicionalne sisteme ocenjivanja i procene. Dekonstrui\u0161u\u0107i ustaljene norme uspeha i neuspeha, izlo\u017eba se bavi time kako razli\u010diti oblici procenjivanja oblikuju na\u0161e razumevanje vrednosti, zasluga i postignu\u0107a. Kroz razli\u010dite medije i perspektive, tra\u017ee se radovi koji kritikuju rigidnost konvencionalnih sistema ocenjivanja, te imperativ i standarde uspeha i predla\u017eu alternativne okvire koji prihvataju slo\u017eenost, subjektivnost i \u010desto zanemarene nijanse ljudskog iskustva. Ova izlo\u017eba ne postavlja samo pitanje \u0161ta merimo, ve\u0107 i kako i za\u0161to to \u010dinimo, podsti\u010du\u0107i dublju refleksiju o uticaju ovih procena na na\u0161e \u017eivote i dru\u0161tva.<\/p>\n\n\n\n<p><em>5+<\/em>:&nbsp;<em>Preko granica Izvanrednosti<\/em>&nbsp;poziva \u010dlanove i \u010dlanice ULUS-s da se upuste u teme pre\u017eivljavanja, otpornosti i ostataka nakon prevazila\u017eenja granica u kontekstu koji izaziva tradicionalne pojmove izvanrednosti. Kao poku\u0161aj istra\u017eivanja alternativne mere vrednosti i uspeha, izlo\u017eba ima za cilj da inspiri\u0161e \u0161ire i inkluzivnije razumevanje postignu\u0107a i transformacije kroz slede\u0107e teme:&nbsp;<strong>Pre\u017eivljavanje i otpornost,&nbsp;<\/strong><strong>Posledice i ostatak,&nbsp;<\/strong><strong>Preko&nbsp;<\/strong><strong>konvencionalnih<\/strong><strong>&nbsp;mera,&nbsp;<\/strong><strong>Odsutno i zanemareno,&nbsp;<\/strong><strong>Metafore marginalija<\/strong>,&nbsp;<strong>Harmonija kao ravnote\u017ea u proceni&nbsp;<\/strong><strong>i Holisti\u010dki pristup uspehu<\/strong><\/p>\n\n\n\n<p>U (iz)vanrednim okolnostima pod kojima se realizuje ovogodi\u0161nja Jesenja izlo\u017eba, bez Umetni\u010dkog saveta, radove su selektovale \u010dlanice poslednjeg Umetni\u010dkog saveta Maja Simi\u0107 i Ivana Milev,\u00a0kao i nezavisna kustoskinja i umetni\u010dka kriti\u010darka Maja \u0106iri\u0107 koja je pomogla pri osmi\u0161ljavanju koncepta i pripreme poziva za u\u010de\u0161\u0107e na Jesenjoj izlo\u017ebi.<\/p>\n<p>\u00a0<\/p>\n<\/div><\/div>\n<\/div><\/div><\/div>\n\n\n\n<div class=\"wp-block-columns is-layout-flex wp-container-core-columns-is-layout-9d6595d7 wp-block-columns-is-layout-flex\">\n<div class=\"wp-block-column is-layout-flow wp-block-column-is-layout-flow\">\n<div class=\"wp-block-advgb-image advgb-image-block full-width advgb-lightbox advgb-img-047bc61b-63b2-4408-882f-2ab086389159\" style=\"background-image:url(https:\/\/tiyana.net\/wp-content\/uploads\/2024\/09\/Jesenja-izlozba-Ulus-pozivnica.jpg);background-position:50% 50%;height:500px;width:500px;justify-content:center;align-items:center\" data-image=\"https:\/\/tiyana.net\/wp-content\/uploads\/2024\/09\/Jesenja-izlozba-Ulus-pozivnica.jpg\"><a class=\"advgb-image-overlay\" style=\"background-color:#000\" target=\"_blank\" rel=\"noopener noreferrer\"><\/a><p class=\"advgb-image-subtitle\" style=\"color:#fff\">Zvani\u010dna pozivnica za izlo\u017ebu<\/p><\/div>\n<\/div>\n\n\n\n<div class=\"wp-block-column is-layout-flow wp-block-column-is-layout-flow\">\n<div class=\"wp-block-advgb-image advgb-image-block full-width advgb-lightbox advgb-img-f80a4971-a6c2-41b0-9ca8-09baab54677b\" style=\"background-image:url(https:\/\/tiyana.net\/wp-content\/uploads\/2024\/09\/Tijana-ispred-fotografija.jpg);background-position:50% 50%;height:500px;width:500px;justify-content:center;align-items:center\" data-image=\"https:\/\/tiyana.net\/wp-content\/uploads\/2024\/09\/Tijana-ispred-fotografija.jpg\"><a class=\"advgb-image-overlay\" style=\"background-color:#000\" target=\"_blank\" rel=\"noopener noreferrer\"><\/a><p class=\"advgb-image-subtitle\" style=\"color:#fff\">Fotografija sa mnom i mojom postavkom. Printovi na Fine Art Farbriano papiru.<\/p><\/div>\n<\/div>\n<\/div>\n<style class=\"advgb-styles-renderer\">#advgb-infobox-2f1567e7-8867-412c-98f2-752dc1e80c26, .advgb-infobox-2f1567e7-8867-412c-98f2-752dc1e80c26 {background-color: #f5f5f5;padding: 20px 20px 20px 20px;border: 0px solid #e8e8e8 ;border-radius: 0px;}#advgb-infobox-2f1567e7-8867-412c-98f2-752dc1e80c26 .advgb-infobox-icon-container, .advgb-infobox-2f1567e7-8867-412c-98f2-752dc1e80c26 .advgb-infobox-icon-container {background-color: #f5f5f5;padding: 0;margin: 0;border: 0px solid #e8e8e8 ;border-radius: 0px;}#advgb-infobox-2f1567e7-8867-412c-98f2-752dc1e80c26 .advgb-infobox-icon-container i, .advgb-infobox-2f1567e7-8867-412c-98f2-752dc1e80c26 .advgb-infobox-icon-container i {color: #333;font-size: 70px;display: block;}#advgb-infobox-2f1567e7-8867-412c-98f2-752dc1e80c26 .advgb-infobox-textcontent .advgb-infobox-title, .advgb-infobox-2f1567e7-8867-412c-98f2-752dc1e80c26 .advgb-infobox-textcontent .advgb-infobox-title {color: #333;padding: 0;margin: 5px 0 10px 0;white-space: pre-wrap;}#advgb-infobox-2f1567e7-8867-412c-98f2-752dc1e80c26 .advgb-infobox-textcontent .advgb-infobox-text, .advgb-infobox-2f1567e7-8867-412c-98f2-752dc1e80c26 .advgb-infobox-textcontent .advgb-infobox-text {color: #333;padding: 0;margin: 0;white-space: pre-wrap;}#advgb-col-de805204-047a-4d28-99e3-3887c3051dbc>.advgb-column-inner{}@media screen and (max-width: 1023px) {#advgb-col-de805204-047a-4d28-99e3-3887c3051dbc>.advgb-column-inner{}}@media screen and (max-width: 767px) {#advgb-col-de805204-047a-4d28-99e3-3887c3051dbc>.advgb-column-inner{}}#advgb-col-21530815-3ab7-4203-9527-ec471fd5bced>.advgb-column-inner{}@media screen and (max-width: 1023px) {#advgb-col-21530815-3ab7-4203-9527-ec471fd5bced>.advgb-column-inner{}}@media screen and (max-width: 767px) {#advgb-col-21530815-3ab7-4203-9527-ec471fd5bced>.advgb-column-inner{}}#advgb-cols-fce52b7f-11ac-4f71-b749-652fd68aa554{}@media screen and (max-width: 1023px) {#advgb-cols-fce52b7f-11ac-4f71-b749-652fd68aa554{}}@media screen and (max-width: 767px) {#advgb-cols-fce52b7f-11ac-4f71-b749-652fd68aa554{}}#advgb-col-de805204-047a-4d28-99e3-3887c3051dbc>.advgb-column-inner{}@media screen and (max-width: 1023px) {#advgb-col-de805204-047a-4d28-99e3-3887c3051dbc>.advgb-column-inner{}}@media screen and (max-width: 767px) {#advgb-col-de805204-047a-4d28-99e3-3887c3051dbc>.advgb-column-inner{}}#advgb-col-21530815-3ab7-4203-9527-ec471fd5bced>.advgb-column-inner{}@media screen and (max-width: 1023px) {#advgb-col-21530815-3ab7-4203-9527-ec471fd5bced>.advgb-column-inner{}}@media screen and (max-width: 767px) {#advgb-col-21530815-3ab7-4203-9527-ec471fd5bced>.advgb-column-inner{}}.advgb-img-047bc61b-63b2-4408-882f-2ab086389159.advgb-image-block .advgb-image-overlay{opacity:0.4 !important;}.advgb-img-047bc61b-63b2-4408-882f-2ab086389159.advgb-image-block:hover .advgb-image-overlay{opacity:0.2 !important;}.advgb-img-047bc61b-63b2-4408-882f-2ab086389159.advgb-image-block .advgb-image-overlay{opacity:0.4 !important;}.advgb-img-047bc61b-63b2-4408-882f-2ab086389159.advgb-image-block:hover .advgb-image-overlay{opacity:0.2 !important;}.advgb-img-f80a4971-a6c2-41b0-9ca8-09baab54677b.advgb-image-block .advgb-image-overlay{opacity:0.4 !important;}.advgb-img-f80a4971-a6c2-41b0-9ca8-09baab54677b.advgb-image-block:hover .advgb-image-overlay{opacity:0.2 !important;}.advgb-img-f80a4971-a6c2-41b0-9ca8-09baab54677b.advgb-image-block .advgb-image-overlay{opacity:0.4 !important;}.advgb-img-f80a4971-a6c2-41b0-9ca8-09baab54677b.advgb-image-block:hover .advgb-image-overlay{opacity:0.2 !important;}.advgb-img-047bc61b-63b2-4408-882f-2ab086389159.advgb-image-block .advgb-image-overlay{opacity:0.4 !important;}.advgb-img-047bc61b-63b2-4408-882f-2ab086389159.advgb-image-block:hover .advgb-image-overlay{opacity:0.2 !important;}.advgb-img-f80a4971-a6c2-41b0-9ca8-09baab54677b.advgb-image-block .advgb-image-overlay{opacity:0.4 !important;}.advgb-img-f80a4971-a6c2-41b0-9ca8-09baab54677b.advgb-image-block:hover .advgb-image-overlay{opacity:0.2 !important;}<\/style>","protected":false},"excerpt":{"rendered":"<p>Pozivnica za jesenju izlo\u017ebu ULUSa u Beogradu<\/p>\n","protected":false},"author":91,"featured_media":19803,"comment_status":"open","ping_status":"closed","sticky":false,"template":"","format":"standard","meta":{"_acf_changed":false,"advgb_blocks_editor_width":"","advgb_blocks_columns_visual_guide":"","footnotes":""},"categories":[6],"tags":[126],"class_list":["post-19772","post","type-post","status-publish","format-standard","has-post-thumbnail","hentry","category-izlozbe","tag-izlozba"],"acf":[],"yoast_head":"<!-- This site is optimized with the Yoast SEO plugin v27.5 - https:\/\/yoast.com\/product\/yoast-seo-wordpress\/ -->\n<title>Jesenja izlo\u017eba - Profesionalni fotograf Beograd, Srbija<\/title>\n<meta name=\"description\" content=\"Na jesenjoj izlo\u017ebi na Kalemegdanu u Beogradu \u0107e izlagati oko 60 umetnika me\u0111u kojima sam i ja, Tijana \u0110in\u0111i\u0107.\" \/>\n<meta name=\"robots\" content=\"index, follow, max-snippet:-1, max-image-preview:large, max-video-preview:-1\" \/>\n<link rel=\"canonical\" href=\"https:\/\/tiyana.net\/sr\/jesenja-izlozba\/\" \/>\n<meta property=\"og:locale\" content=\"sr_RS\" \/>\n<meta property=\"og:type\" content=\"article\" \/>\n<meta property=\"og:title\" content=\"Jesenja izlo\u017eba - Profesionalni fotograf Beograd, Srbija\" \/>\n<meta property=\"og:description\" content=\"Na jesenjoj izlo\u017ebi na Kalemegdanu u Beogradu \u0107e izlagati oko 60 umetnika me\u0111u kojima sam i ja, Tijana \u0110in\u0111i\u0107.\" \/>\n<meta property=\"og:url\" content=\"https:\/\/tiyana.net\/sr\/jesenja-izlozba\/\" \/>\n<meta property=\"og:site_name\" content=\"Profesionalni fotograf Beograd, Srbija\" \/>\n<meta property=\"article:published_time\" content=\"2024-09-24T11:10:12+00:00\" \/>\n<meta property=\"article:modified_time\" content=\"2024-09-27T10:17:01+00:00\" \/>\n<meta property=\"og:image\" content=\"https:\/\/tiyana.net\/wp-content\/uploads\/2024\/09\/Jesenja-izlozba-Ulus-pozivnica-sa-Tijanom.jpg\" \/>\n\t<meta property=\"og:image:width\" content=\"2252\" \/>\n\t<meta property=\"og:image:height\" content=\"1715\" \/>\n\t<meta property=\"og:image:type\" content=\"image\/jpeg\" \/>\n<meta name=\"author\" content=\"Tiyana\" \/>\n<meta name=\"twitter:card\" content=\"summary_large_image\" \/>\n<meta name=\"twitter:label1\" content=\"\u041d\u0430\u043f\u0438\u0441\u0430\u043d\u043e \u043e\u0434\" \/>\n\t<meta name=\"twitter:data1\" content=\"Tiyana\" \/>\n\t<meta name=\"twitter:label2\" content=\"\u041f\u0440\u043e\u0446\u0435\u045a\u0435\u043d\u043e \u0432\u0440\u0435\u043c\u0435 \u0447\u0438\u0442\u0430\u045a\u0430\" \/>\n\t<meta name=\"twitter:data2\" content=\"2 \u043c\u0438\u043d\u0443\u0442\u0430\" \/>\n<script type=\"application\/ld+json\" class=\"yoast-schema-graph\">{\"@context\":\"https:\\\/\\\/schema.org\",\"@graph\":[{\"@type\":\"Article\",\"@id\":\"https:\\\/\\\/tiyana.net\\\/sr\\\/jesenja-izlozba\\\/#article\",\"isPartOf\":{\"@id\":\"https:\\\/\\\/tiyana.net\\\/sr\\\/jesenja-izlozba\\\/\"},\"author\":{\"name\":\"Tiyana\",\"@id\":\"https:\\\/\\\/tiyana.net\\\/sr\\\/#\\\/schema\\\/person\\\/d8fc769e5f4437391ac0e9d5e17e180b\"},\"headline\":\"Jesenja izlo\u017eba\",\"datePublished\":\"2024-09-24T11:10:12+00:00\",\"dateModified\":\"2024-09-27T10:17:01+00:00\",\"mainEntityOfPage\":{\"@id\":\"https:\\\/\\\/tiyana.net\\\/sr\\\/jesenja-izlozba\\\/\"},\"wordCount\":484,\"commentCount\":0,\"publisher\":{\"@id\":\"https:\\\/\\\/tiyana.net\\\/sr\\\/#organization\"},\"image\":{\"@id\":\"https:\\\/\\\/tiyana.net\\\/sr\\\/jesenja-izlozba\\\/#primaryimage\"},\"thumbnailUrl\":\"https:\\\/\\\/tiyana.net\\\/wp-content\\\/uploads\\\/2024\\\/09\\\/Jesenja-izlozba-Ulus-pozivnica-sa-Tijanom.jpg\",\"keywords\":[\"Izlo\u017eba\"],\"articleSection\":[\"Izlo\u017ebe\"],\"inLanguage\":\"sr-RS\",\"potentialAction\":[{\"@type\":\"CommentAction\",\"name\":\"Comment\",\"target\":[\"https:\\\/\\\/tiyana.net\\\/sr\\\/jesenja-izlozba\\\/#respond\"]}]},{\"@type\":\"WebPage\",\"@id\":\"https:\\\/\\\/tiyana.net\\\/sr\\\/jesenja-izlozba\\\/\",\"url\":\"https:\\\/\\\/tiyana.net\\\/sr\\\/jesenja-izlozba\\\/\",\"name\":\"Jesenja izlo\u017eba - Profesionalni fotograf Beograd, Srbija\",\"isPartOf\":{\"@id\":\"https:\\\/\\\/tiyana.net\\\/sr\\\/#website\"},\"primaryImageOfPage\":{\"@id\":\"https:\\\/\\\/tiyana.net\\\/sr\\\/jesenja-izlozba\\\/#primaryimage\"},\"image\":{\"@id\":\"https:\\\/\\\/tiyana.net\\\/sr\\\/jesenja-izlozba\\\/#primaryimage\"},\"thumbnailUrl\":\"https:\\\/\\\/tiyana.net\\\/wp-content\\\/uploads\\\/2024\\\/09\\\/Jesenja-izlozba-Ulus-pozivnica-sa-Tijanom.jpg\",\"datePublished\":\"2024-09-24T11:10:12+00:00\",\"dateModified\":\"2024-09-27T10:17:01+00:00\",\"description\":\"Na jesenjoj izlo\u017ebi na Kalemegdanu u Beogradu \u0107e izlagati oko 60 umetnika me\u0111u kojima sam i ja, Tijana \u0110in\u0111i\u0107.\",\"breadcrumb\":{\"@id\":\"https:\\\/\\\/tiyana.net\\\/sr\\\/jesenja-izlozba\\\/#breadcrumb\"},\"inLanguage\":\"sr-RS\",\"potentialAction\":[{\"@type\":\"ReadAction\",\"target\":[\"https:\\\/\\\/tiyana.net\\\/sr\\\/jesenja-izlozba\\\/\"]}]},{\"@type\":\"ImageObject\",\"inLanguage\":\"sr-RS\",\"@id\":\"https:\\\/\\\/tiyana.net\\\/sr\\\/jesenja-izlozba\\\/#primaryimage\",\"url\":\"https:\\\/\\\/tiyana.net\\\/wp-content\\\/uploads\\\/2024\\\/09\\\/Jesenja-izlozba-Ulus-pozivnica-sa-Tijanom.jpg\",\"contentUrl\":\"https:\\\/\\\/tiyana.net\\\/wp-content\\\/uploads\\\/2024\\\/09\\\/Jesenja-izlozba-Ulus-pozivnica-sa-Tijanom.jpg\",\"width\":2252,\"height\":1715},{\"@type\":\"BreadcrumbList\",\"@id\":\"https:\\\/\\\/tiyana.net\\\/sr\\\/jesenja-izlozba\\\/#breadcrumb\",\"itemListElement\":[{\"@type\":\"ListItem\",\"position\":1,\"name\":\"Home\",\"item\":\"https:\\\/\\\/tiyana.net\\\/sr\\\/\"},{\"@type\":\"ListItem\",\"position\":2,\"name\":\"Jesenja izlo\u017eba\"}]},{\"@type\":\"WebSite\",\"@id\":\"https:\\\/\\\/tiyana.net\\\/sr\\\/#website\",\"url\":\"https:\\\/\\\/tiyana.net\\\/sr\\\/\",\"name\":\"Profesionalni fotograf Beograd, Srbija\",\"description\":\"Profesionalni fotograf specijalizovan za portrete, modnu, reklamnu i produkt fotografiju, foto studio u Beogradu\",\"publisher\":{\"@id\":\"https:\\\/\\\/tiyana.net\\\/sr\\\/#organization\"},\"potentialAction\":[{\"@type\":\"SearchAction\",\"target\":{\"@type\":\"EntryPoint\",\"urlTemplate\":\"https:\\\/\\\/tiyana.net\\\/sr\\\/?s={search_term_string}\"},\"query-input\":{\"@type\":\"PropertyValueSpecification\",\"valueRequired\":true,\"valueName\":\"search_term_string\"}}],\"inLanguage\":\"sr-RS\"},{\"@type\":\"Organization\",\"@id\":\"https:\\\/\\\/tiyana.net\\\/sr\\\/#organization\",\"name\":\"Profesionalni fotograf Beograd, Srbija\",\"url\":\"https:\\\/\\\/tiyana.net\\\/sr\\\/\",\"logo\":{\"@type\":\"ImageObject\",\"inLanguage\":\"sr-RS\",\"@id\":\"https:\\\/\\\/tiyana.net\\\/sr\\\/#\\\/schema\\\/logo\\\/image\\\/\",\"url\":\"https:\\\/\\\/tiyana.net\\\/wp-content\\\/uploads\\\/2022\\\/07\\\/catenamedialogo.jpg\",\"contentUrl\":\"https:\\\/\\\/tiyana.net\\\/wp-content\\\/uploads\\\/2022\\\/07\\\/catenamedialogo.jpg\",\"width\":525,\"height\":525,\"caption\":\"Profesionalni fotograf Beograd, Srbija\"},\"image\":{\"@id\":\"https:\\\/\\\/tiyana.net\\\/sr\\\/#\\\/schema\\\/logo\\\/image\\\/\"}},{\"@type\":\"Person\",\"@id\":\"https:\\\/\\\/tiyana.net\\\/sr\\\/#\\\/schema\\\/person\\\/d8fc769e5f4437391ac0e9d5e17e180b\",\"name\":\"Tiyana\",\"image\":{\"@type\":\"ImageObject\",\"inLanguage\":\"sr-RS\",\"@id\":\"https:\\\/\\\/secure.gravatar.com\\\/avatar\\\/d4edab64f9c7c970017620d0397fb10447f3320328703ee19e1547b66b24b992?s=96&d=blank&r=g\",\"url\":\"https:\\\/\\\/secure.gravatar.com\\\/avatar\\\/d4edab64f9c7c970017620d0397fb10447f3320328703ee19e1547b66b24b992?s=96&d=blank&r=g\",\"contentUrl\":\"https:\\\/\\\/secure.gravatar.com\\\/avatar\\\/d4edab64f9c7c970017620d0397fb10447f3320328703ee19e1547b66b24b992?s=96&d=blank&r=g\",\"caption\":\"Tiyana\"},\"url\":\"https:\\\/\\\/tiyana.net\\\/sr\\\/author\\\/tiksi\\\/\"}]}<\/script>\n<!-- \/ Yoast SEO plugin. -->","yoast_head_json":{"title":"Jesenja izlo\u017eba - Profesionalni fotograf Beograd, Srbija","description":"Na jesenjoj izlo\u017ebi na Kalemegdanu u Beogradu \u0107e izlagati oko 60 umetnika me\u0111u kojima sam i ja, Tijana \u0110in\u0111i\u0107.","robots":{"index":"index","follow":"follow","max-snippet":"max-snippet:-1","max-image-preview":"max-image-preview:large","max-video-preview":"max-video-preview:-1"},"canonical":"https:\/\/tiyana.net\/sr\/jesenja-izlozba\/","og_locale":"sr_RS","og_type":"article","og_title":"Jesenja izlo\u017eba - Profesionalni fotograf Beograd, Srbija","og_description":"Na jesenjoj izlo\u017ebi na Kalemegdanu u Beogradu \u0107e izlagati oko 60 umetnika me\u0111u kojima sam i ja, Tijana \u0110in\u0111i\u0107.","og_url":"https:\/\/tiyana.net\/sr\/jesenja-izlozba\/","og_site_name":"Profesionalni fotograf Beograd, Srbija","article_published_time":"2024-09-24T11:10:12+00:00","article_modified_time":"2024-09-27T10:17:01+00:00","og_image":[{"width":2252,"height":1715,"url":"https:\/\/tiyana.net\/wp-content\/uploads\/2024\/09\/Jesenja-izlozba-Ulus-pozivnica-sa-Tijanom.jpg","type":"image\/jpeg"}],"author":"Tiyana","twitter_card":"summary_large_image","twitter_misc":{"\u041d\u0430\u043f\u0438\u0441\u0430\u043d\u043e \u043e\u0434":"Tiyana","\u041f\u0440\u043e\u0446\u0435\u045a\u0435\u043d\u043e \u0432\u0440\u0435\u043c\u0435 \u0447\u0438\u0442\u0430\u045a\u0430":"2 \u043c\u0438\u043d\u0443\u0442\u0430"},"schema":{"@context":"https:\/\/schema.org","@graph":[{"@type":"Article","@id":"https:\/\/tiyana.net\/sr\/jesenja-izlozba\/#article","isPartOf":{"@id":"https:\/\/tiyana.net\/sr\/jesenja-izlozba\/"},"author":{"name":"Tiyana","@id":"https:\/\/tiyana.net\/sr\/#\/schema\/person\/d8fc769e5f4437391ac0e9d5e17e180b"},"headline":"Jesenja izlo\u017eba","datePublished":"2024-09-24T11:10:12+00:00","dateModified":"2024-09-27T10:17:01+00:00","mainEntityOfPage":{"@id":"https:\/\/tiyana.net\/sr\/jesenja-izlozba\/"},"wordCount":484,"commentCount":0,"publisher":{"@id":"https:\/\/tiyana.net\/sr\/#organization"},"image":{"@id":"https:\/\/tiyana.net\/sr\/jesenja-izlozba\/#primaryimage"},"thumbnailUrl":"https:\/\/tiyana.net\/wp-content\/uploads\/2024\/09\/Jesenja-izlozba-Ulus-pozivnica-sa-Tijanom.jpg","keywords":["Izlo\u017eba"],"articleSection":["Izlo\u017ebe"],"inLanguage":"sr-RS","potentialAction":[{"@type":"CommentAction","name":"Comment","target":["https:\/\/tiyana.net\/sr\/jesenja-izlozba\/#respond"]}]},{"@type":"WebPage","@id":"https:\/\/tiyana.net\/sr\/jesenja-izlozba\/","url":"https:\/\/tiyana.net\/sr\/jesenja-izlozba\/","name":"Jesenja izlo\u017eba - Profesionalni fotograf Beograd, Srbija","isPartOf":{"@id":"https:\/\/tiyana.net\/sr\/#website"},"primaryImageOfPage":{"@id":"https:\/\/tiyana.net\/sr\/jesenja-izlozba\/#primaryimage"},"image":{"@id":"https:\/\/tiyana.net\/sr\/jesenja-izlozba\/#primaryimage"},"thumbnailUrl":"https:\/\/tiyana.net\/wp-content\/uploads\/2024\/09\/Jesenja-izlozba-Ulus-pozivnica-sa-Tijanom.jpg","datePublished":"2024-09-24T11:10:12+00:00","dateModified":"2024-09-27T10:17:01+00:00","description":"Na jesenjoj izlo\u017ebi na Kalemegdanu u Beogradu \u0107e izlagati oko 60 umetnika me\u0111u kojima sam i ja, Tijana \u0110in\u0111i\u0107.","breadcrumb":{"@id":"https:\/\/tiyana.net\/sr\/jesenja-izlozba\/#breadcrumb"},"inLanguage":"sr-RS","potentialAction":[{"@type":"ReadAction","target":["https:\/\/tiyana.net\/sr\/jesenja-izlozba\/"]}]},{"@type":"ImageObject","inLanguage":"sr-RS","@id":"https:\/\/tiyana.net\/sr\/jesenja-izlozba\/#primaryimage","url":"https:\/\/tiyana.net\/wp-content\/uploads\/2024\/09\/Jesenja-izlozba-Ulus-pozivnica-sa-Tijanom.jpg","contentUrl":"https:\/\/tiyana.net\/wp-content\/uploads\/2024\/09\/Jesenja-izlozba-Ulus-pozivnica-sa-Tijanom.jpg","width":2252,"height":1715},{"@type":"BreadcrumbList","@id":"https:\/\/tiyana.net\/sr\/jesenja-izlozba\/#breadcrumb","itemListElement":[{"@type":"ListItem","position":1,"name":"Home","item":"https:\/\/tiyana.net\/sr\/"},{"@type":"ListItem","position":2,"name":"Jesenja izlo\u017eba"}]},{"@type":"WebSite","@id":"https:\/\/tiyana.net\/sr\/#website","url":"https:\/\/tiyana.net\/sr\/","name":"Profesionalni fotograf Beograd, Srbija","description":"Profesionalni fotograf specijalizovan za portrete, modnu, reklamnu i produkt fotografiju, foto studio u Beogradu","publisher":{"@id":"https:\/\/tiyana.net\/sr\/#organization"},"potentialAction":[{"@type":"SearchAction","target":{"@type":"EntryPoint","urlTemplate":"https:\/\/tiyana.net\/sr\/?s={search_term_string}"},"query-input":{"@type":"PropertyValueSpecification","valueRequired":true,"valueName":"search_term_string"}}],"inLanguage":"sr-RS"},{"@type":"Organization","@id":"https:\/\/tiyana.net\/sr\/#organization","name":"Profesionalni fotograf Beograd, Srbija","url":"https:\/\/tiyana.net\/sr\/","logo":{"@type":"ImageObject","inLanguage":"sr-RS","@id":"https:\/\/tiyana.net\/sr\/#\/schema\/logo\/image\/","url":"https:\/\/tiyana.net\/wp-content\/uploads\/2022\/07\/catenamedialogo.jpg","contentUrl":"https:\/\/tiyana.net\/wp-content\/uploads\/2022\/07\/catenamedialogo.jpg","width":525,"height":525,"caption":"Profesionalni fotograf Beograd, Srbija"},"image":{"@id":"https:\/\/tiyana.net\/sr\/#\/schema\/logo\/image\/"}},{"@type":"Person","@id":"https:\/\/tiyana.net\/sr\/#\/schema\/person\/d8fc769e5f4437391ac0e9d5e17e180b","name":"Tiyana","image":{"@type":"ImageObject","inLanguage":"sr-RS","@id":"https:\/\/secure.gravatar.com\/avatar\/d4edab64f9c7c970017620d0397fb10447f3320328703ee19e1547b66b24b992?s=96&d=blank&r=g","url":"https:\/\/secure.gravatar.com\/avatar\/d4edab64f9c7c970017620d0397fb10447f3320328703ee19e1547b66b24b992?s=96&d=blank&r=g","contentUrl":"https:\/\/secure.gravatar.com\/avatar\/d4edab64f9c7c970017620d0397fb10447f3320328703ee19e1547b66b24b992?s=96&d=blank&r=g","caption":"Tiyana"},"url":"https:\/\/tiyana.net\/sr\/author\/tiksi\/"}]}},"author_meta":{"display_name":"Tiyana","author_link":"https:\/\/tiyana.net\/sr\/author\/tiksi\/"},"featured_img":"https:\/\/tiyana.net\/wp-content\/uploads\/2024\/09\/Jesenja-izlozba-Ulus-pozivnica-sa-Tijanom-300x228.jpg","coauthors":[],"tax_additional":{"categories":{"linked":["<a href=\"https:\/\/tiyana.net\/sr\/category\/izlozbe\/\" class=\"advgb-post-tax-term\">Izlo\u017ebe<\/a>"],"unlinked":["<span class=\"advgb-post-tax-term\">Izlo\u017ebe<\/span>"]},"tags":{"linked":["<a href=\"https:\/\/tiyana.net\/sr\/category\/izlozbe\/\" class=\"advgb-post-tax-term\">Izlo\u017eba<\/a>"],"unlinked":["<span class=\"advgb-post-tax-term\">Izlo\u017eba<\/span>"]}},"comment_count":"0","relative_dates":{"created":"Posted 2 \u0433\u043e\u0434\u0438\u043d\u0435 ago","modified":"Updated 2 \u0433\u043e\u0434\u0438\u043d\u0435 ago"},"absolute_dates":{"created":"Posted on 24. septembar 2024.","modified":"Updated on 27. septembar 2024."},"absolute_dates_time":{"created":"Posted on 24. septembar 2024. 12:10 ","modified":"Updated on 27. septembar 2024. 11:17 "},"featured_img_caption":"","series_order":"","_links":{"self":[{"href":"https:\/\/tiyana.net\/sr\/wp-json\/wp\/v2\/posts\/19772","targetHints":{"allow":["GET"]}}],"collection":[{"href":"https:\/\/tiyana.net\/sr\/wp-json\/wp\/v2\/posts"}],"about":[{"href":"https:\/\/tiyana.net\/sr\/wp-json\/wp\/v2\/types\/post"}],"author":[{"embeddable":true,"href":"https:\/\/tiyana.net\/sr\/wp-json\/wp\/v2\/users\/91"}],"replies":[{"embeddable":true,"href":"https:\/\/tiyana.net\/sr\/wp-json\/wp\/v2\/comments?post=19772"}],"version-history":[{"count":0,"href":"https:\/\/tiyana.net\/sr\/wp-json\/wp\/v2\/posts\/19772\/revisions"}],"wp:featuredmedia":[{"embeddable":true,"href":"https:\/\/tiyana.net\/sr\/wp-json\/wp\/v2\/media\/19803"}],"wp:attachment":[{"href":"https:\/\/tiyana.net\/sr\/wp-json\/wp\/v2\/media?parent=19772"}],"wp:term":[{"taxonomy":"category","embeddable":true,"href":"https:\/\/tiyana.net\/sr\/wp-json\/wp\/v2\/categories?post=19772"},{"taxonomy":"post_tag","embeddable":true,"href":"https:\/\/tiyana.net\/sr\/wp-json\/wp\/v2\/tags?post=19772"}],"curies":[{"name":"wp","href":"https:\/\/api.w.org\/{rel}","templated":true}]}}