{"id":19435,"date":"2024-07-30T12:38:47","date_gmt":"2024-07-30T11:38:47","guid":{"rendered":"https:\/\/tiyana.net\/?p=19435"},"modified":"2024-07-30T18:16:44","modified_gmt":"2024-07-30T17:16:44","slug":"kako-napraviti-dobru-fotografiju","status":"publish","type":"post","link":"https:\/\/tiyana.net\/sr\/kako-napraviti-dobru-fotografiju\/","title":{"rendered":"Kako napraviti dobru fotografiju &#8211; prilog na TV kanalu NOVA S"},"content":{"rendered":"\n<h4 class=\"wp-block-heading\">U jutarnjem programu &#8222;<a href=\"https:\/\/www.instagram.com\/probudi__se\/\">Probudi se<\/a>&#8220; na kanalu Nova S sam pri\u010dala o fotografisanju za dru\u0161tvene mre\u017ee 29. jula 2024. Pokrenuli smo nekoliko tema vezanih za trendove i selfije i kako napraviti dobru fotografiju sa putovanja.<\/h4>\n\n\n\n<p>Na po\u010detku gostovanja govorila sam o tome kako ukadrirati selfi na primeru fotografije koju su napravili voditelji programa. Iznela sam nekoliko sugestija o tome \u0161ta bi bilo dobro popraviti prilikom poziranja. Skrenula sam i pa\u017enju na to kako ukombinovati pozadinu sa portretom. Zatim smo u voditeljka Iva Kosovac i ja poku\u0161ale da napravimo zajedni\u010dki selfi.<\/p>\n\n\n\n<p>Mo\u017eete pregledati kompletan intervju tj. prilog ovde ili na njihovom YouTube kanalu.<\/p>\n\n\n\n<div style=\"height:32px\" aria-hidden=\"true\" class=\"wp-block-spacer\"><\/div>\n\n\n\n<div class=\"wp-block-group has-background\" style=\"background-color:#ededed\"><div class=\"wp-block-group__inner-container is-layout-constrained wp-block-group-is-layout-constrained\">\n<div class=\"wp-block-advgb-columns advgb-columns-wrapper\" id=\"advgb-cols-0ecd70b8-be82-4a38-bf9d-82ec61879c1d\"><div class=\"advgb-columns-container\"><div class=\"advgb-columns advgb-columns-row advgb-is-mobile columns-valign-middle advgb-columns-2 layout-12-12 tbl-layout-stacked mbl-layout-stacked gutter-30 vgutter-10\">\n<div class=\"wp-block-advgb-column advgb-column advgb-is-half-desktop advgb-is-full-tablet advgb-is-full-mobile\" id=\"advgb-col-c1347248-0ef0-48db-aee5-9f22c2b642e1\"><div class=\"advgb-column-inner\" style=\"border-style:none;border-color:#abb8c3;border-width:1px;border-radius:0\">\n<h4 class=\"wp-block-heading\">Teme u gostovanju su bile:<\/h4>\n\n\n\n<ul class=\"wp-block-list\">\n<li>Kritika (i pohvale) selfija voditelja <\/li>\n\n\n\n<li>Demonstacija selfija<\/li>\n\n\n\n<li>Da li fotografisati iz pti\u010dje ili \u017eablje perspektive (iznad ili ispod nivoa o\u010diju)?<\/li>\n\n\n\n<li>Da li je selfi postao na\u0161e ogledalo i za\u0161to sam rekla da se treba fotografisati kako se ose\u0107amo, a ne samo kako izgledamo?<\/li>\n\n\n\n<li>Praksa pri fotografisanju sa neprofesionalnim modelima <\/li>\n\n\n\n<li>Demonstracija poze pri fotografisanju<\/li>\n\n\n\n<li>Telefon ili fotoaparat i za\u0161to ograni\u010diti broj snimaka po situaciji?<\/li>\n\n\n\n<li>Uspravna ili horizontalna kompozicija?<\/li>\n<\/ul>\n\n\n\n<div style=\"height:32px\" aria-hidden=\"true\" class=\"wp-block-spacer\"><\/div>\n<\/div><\/div>\n\n\n\n<div class=\"wp-block-advgb-column advgb-column advgb-is-half-desktop advgb-is-full-tablet advgb-is-full-mobile\" id=\"advgb-col-3e670b78-f02d-44af-a8b6-3c46b4b23401\"><div class=\"advgb-column-inner\" style=\"border-style:none;border-width:1px\">\n<figure class=\"wp-block-embed aligncenter is-type-video is-provider-youtube wp-block-embed-youtube wp-embed-aspect-16-9 wp-has-aspect-ratio\"><div class=\"wp-block-embed__wrapper\">\n<iframe loading=\"lazy\" title=\"Kako napraviti savr\u0161eni selfi?\" width=\"640\" height=\"360\" src=\"https:\/\/www.youtube.com\/embed\/-3UBwfq5FrI?start=21&#038;feature=oembed\" frameborder=\"0\" allow=\"accelerometer; autoplay; clipboard-write; encrypted-media; gyroscope; picture-in-picture; web-share\" referrerpolicy=\"strict-origin-when-cross-origin\" allowfullscreen><\/iframe>\n<\/div><\/figure>\n<\/div><\/div>\n<\/div><\/div><\/div>\n<\/div><\/div>\n\n\n\n<h2 class=\"wp-block-heading\" id=\"pticja-ili-zablja-perspektiva-331ee6e1-cf0c-4e82-a2ef-968a962e57d9\">Pti\u010dja ili \u017eablja perspektiva?<\/h2>\n\n\n\n<p>Po mom mi\u0161ljenju, kada postavimo aparat \/ telefon iznad nivoa na\u0161ih o\u010diju, na fotografiji izgledamo &#8222;pot\u010dinjeno&#8220;. Ovo je samo psiholo\u0161ko tuma\u010denje poze, u praksi to ne mora da daje takav utisak. Pandan toj pozi je dete kada gleda u odraslog \u010doveka. Taj pogled ka gore je inferioran status, \u010dekanje odobrenja. Moj predlog je da model proba da na\u0111e pozu u kojoj je aparat ipak postavljen ispod nivoa o\u010diju. U modnoj fotografiji to je \u010desta praksa pri fotografisanju cele figure, naro\u010dito u \u010dasopisima ranijih godina. Tada je kroz modu proklamovano uva\u017eavanje i osna\u017eivanje statusa \u017eena. Iz donjeg rakursa ili iz popularno re\u010deno &#8222;\u017eablje perspektive&#8220; svaki subjekat deluje monumentalno, vizionarski, mo\u017eda i nedosti\u017eno, ali svakako vredno uva\u017eavanja i po\u0161tovanja. To je mali, ali zna\u010dajan psiholo\u0161ki efekat kojim izgledamo samouverenije.<\/p>\n\n\n\n<div class=\"wp-block-advgb-columns advgb-columns-wrapper\" id=\"advgb-cols-99d092c8-6efd-449d-928e-07fc08fa90de\"><div class=\"advgb-columns-container\"><div class=\"advgb-columns advgb-columns-row advgb-is-mobile advgb-columns-2 layout-12-12 mbl-layout-stacked gutter-20 vgutter-10\">\n<div class=\"wp-block-advgb-column advgb-column\" id=\"advgb-col-2ba5efa7-5ac9-40ca-9ff4-b3119cff839b\"><div class=\"advgb-column-inner\" style=\"border-style:none;border-width:1px\">\n<h2 class=\"wp-block-heading\" id=\"fotografisati-kako-se-osecamo-a-ne-kako-izgledamo-02e54548-6e19-4696-8e85-0b8d89e411d3\">Fotografisati vidljivo<\/h2>\n\n\n\n<p>Selfi u neku ruku slu\u017ei kao ogledalo, i to jedne narcisoidne generacije. Ne bi trebalo da se koristi kao sredstvo kojim pokazujemo da smo bolji i sre\u0107niji nego \u0161to jesmo. Gledano sa pozitivne strane, selfi mo\u017ee da bude i suo\u010davanje sa sobom. Gledanje direkt u sebe. Fotografisanje na\u0161eg izgleda je objektivizacija nas samih, ali uspeh je zabele\u017eiti i ose\u0107aje tog trenutka. Ukoliko ti ose\u0107aji dopru do posmatra\u010da, onda smo napravili \u010darobnu stvar. Zato je dobro te\u017eiti da fotografi\u0161emo kako se ose\u0107amo, a ne samo kako izgledamo. Fotografija u sebi nosi estetiku i poetiku. Na mom sajtu u <a href=\"https:\/\/tiyana.net\/sr\/teorija\/\">lekcijama<\/a> pi\u0161em o estetici, ali <strong>poetika <\/strong>je, iako subjektivna i neuhvatljiva dimenzija fotografije, mo\u017eda i najlep\u0161a njena osobina. <\/p>\n<\/div><\/div>\n\n\n\n<div class=\"wp-block-advgb-column advgb-column\" id=\"advgb-col-4777c72a-68c6-4940-932e-39d6f482f825\"><div class=\"advgb-column-inner\" style=\"border-style:none;border-width:1px\">\n<h2 class=\"wp-block-heading\" id=\"fotografija-kao-momenat-u-vremenu-db8a61a6-fd0d-46f6-8411-62a8c41450f5\">Fotograsati nevidljivo<\/h2>\n\n\n\n<p>Zaista, fotografija jeste dokument, jedan momenat u vremenu. Fotografija mo\u017ee da bude ne samo konkretni doga\u0111aj, ve\u0107 i atmosfera i ose\u0107aj. Sedenje na \u017eelezni\u010dkoj stanici, \u010dekanje. Mahanje nogama u vazduhu jer ne mo\u017eemo da dotaknemo pod. \u017dvakanje \u017evake. Zvuk crv\u010daka i podrhtavanje \u0161ina. Jarko sunce na stopalima, a lice u hladu ispod nadstre\u0161nice. Jedna jedina fotografija mo\u017ee sve to da ispri\u010da i u tome je poetika trenutka. Umetni\u010dka fotografija nema potrebu da dokazuje ni\u0161ta, da se pravda nikome. Ona pokazuje jedan jedini i neponovljiv trenutak u na\u0161em postojanju i mo\u017ee da aktivira ne samo vizuelna \u010dula, ve\u0107 svih pet zajedno. Mo\u017ee, ali ne \u010dini to \u010desto. \u0160teta je kada mo\u017ee, da to ne \u010dini.<\/p>\n<\/div><\/div>\n<\/div><\/div><\/div>\n\n\n\n<div class=\"wp-block-group has-background\" style=\"background-color:#ededed\"><div class=\"wp-block-group__inner-container is-layout-constrained wp-block-group-is-layout-constrained\">\n<div class=\"wp-block-columns is-layout-flex wp-container-core-columns-is-layout-9d6595d7 wp-block-columns-is-layout-flex\">\n<div class=\"wp-block-column is-layout-flow wp-block-column-is-layout-flow\" style=\"flex-basis:100%\">\n<div class=\"wp-block-advgb-columns advgb-columns-wrapper\" id=\"advgb-cols-2df414c7-34f8-45a8-84ec-d5604433678f\"><div class=\"advgb-columns-container\"><div class=\"advgb-columns advgb-columns-row advgb-is-mobile advgb-columns-2 layout-13-23 tbl-layout-stacked mbl-layout-stacked gutter-10 vgutter-10\">\n<div class=\"wp-block-advgb-column advgb-column advgb-is-one-third-desktop advgb-is-full-tablet advgb-is-full-mobile\" id=\"advgb-col-decee453-ce6b-402d-a790-93caa51d9779\"><div class=\"advgb-column-inner\" style=\"border-style:none;border-width:1px\">\n<h2 class=\"wp-block-heading\" id=\"poza-pri-fotografisanju-e8451874-74fc-43bb-ae23-d4b815835372\">Kakvu pozu zauzeti<\/h2>\n\n\n\n<p>U prilogu u emisiji sam potom poku\u0161ala da pomognem voditeljki Ivi da na\u0111e svoju dobru pozu za fotografisanje. Iako u \u017eivom programu nije ba\u0161 sve po planu, poenta demonstrancije je bila da poza deluje prirodno i opu\u0161teno. Na primer, stopala treba postaviti pribli\u017eno paralelno da ne bi bila delovala neprirodno. Ukoliko ne znate gde \u0107ete sa rukama prilikom poziranja, dobro je uzeti ne\u0161to &#8211; nao\u010dare, olovku, pi\u0107e. Pogled mo\u017ee da ide u kameru, ali i sa strane. Ovo su naravno, samo saveti, ne treba ih se ba\u0161 uvek dr\u017eati striktno.<\/p>\n<\/div><\/div>\n\n\n\n<div class=\"wp-block-advgb-column advgb-column advgb-is-two-thirds-desktop advgb-is-full-tablet advgb-is-full-mobile\" id=\"advgb-col-a665c9ab-fc22-49c5-93ea-f89f837452c7\"><div class=\"advgb-column-inner\" style=\"border-style:none;border-width:1px\">\n<h2 class=\"wp-block-heading\" id=\"ograniciti-broj-snimaka-po-situaciji-c31ef27b-5438-4624-97eb-87064f999a8e\">Ograni\u010diti broj snimaka po situaciji<\/h2>\n\n\n\n<p>Iako je sa digitalnom fotografijom broj poku\u0161aja za dobar kadar nije mnogo ograni\u010den, moj savet je sebi uvek dozvoliti minimum broja poku\u0161aja za fotografisanje jedne situacije. Benefit toga je da \u0107emo imati bolji fokus, razmi\u0161ljanje prilikom biranja kadra, a samim tim i ve\u0107i kvalitet fotografije. Iz moje profesionalne prakse, kada sam sa analogne fotografije 2006. godine pre\u0161la na digitalnu narednih godina sam stagnirala u kvalitetu u likovnom i umetni\u010dkom smislu.&nbsp;Uzmimo primer streli\u010darstva. Kada znate da imate beskrajno poku\u0161aja da pogodite u metu, mo\u017eete da okrenete glavu i pucate na slepo. Znate da \u0107ete nekada ne\u0161to pogoditi. Imate recimo 200 metaka, nepomi\u010dnu metu i dosta vremena. Zbog te &#8222;le\u017eernosti&#8220; koja je dostupna u digitalnoj fotografiji, mo\u017eete da degradirate. Mo\u017eete da potpuno izgubite strast i interesovanje prema onome \u0161to radite. Svaki pogre\u0161an snimak gledam kao trajni o\u017eiljak na meti koji je ostao kao svedo\u010denje da nisam iz prve pogodila u centar.<\/p>\n\n\n\n<p>Zato je moj savet, da zaista svaki snimak poku\u0161ate da ostvarite sa punim fokusom i stra\u0161\u0107u kao da vam je poslednji na filmskoj traci. Uostalom, besmisleno gomilanje fajlova u telefonu \/ drajvu \/ kompjuteru, \u010dini da se retko vra\u0107amo u stare albume, \u0161to su starije generacije \u010dinile sa zadovoljstvom.<\/p>\n<\/div><\/div>\n<\/div><\/div><\/div>\n<\/div>\n<\/div>\n<\/div><\/div>\n\n\n\n<div class=\"wp-block-group is-nowrap is-layout-flex wp-container-core-group-is-layout-ad2f72ca wp-block-group-is-layout-flex\">\n<h2 class=\"wp-block-heading\" id=\"uspravna-ili-horizontalna-kompozicija-70cabb1c-17bb-4084-b0fa-57dff0f9a328\">Uspravna ili horizontalna kompozicija?<\/h2>\n<\/div>\n\n\n\n<div class=\"wp-block-advgb-columns advgb-columns-wrapper\" id=\"advgb-cols-7b1b7921-ddb9-4c05-a51d-a8e3ba02ee50\"><div class=\"advgb-columns-container\"><div class=\"advgb-columns advgb-columns-row advgb-is-mobile advgb-columns-2 layout-13-23 mbl-layout-stacked gutter-20 vgutter-10\">\n<div class=\"wp-block-advgb-column advgb-column\" id=\"advgb-col-e1589ff0-f0b3-444f-8e0b-6e242e7cac4c\"><div class=\"advgb-column-inner\" style=\"border-style:none;border-width:1px\">\n<p>Iako na\u0161 vidni ugao od oko 200 stepeni zahteva horizontalnu kompoziciju, na pitanje kako je najbolje komponovati, ovog puta sam se opredelila za vertiakalnu kompoziciju. Napomenula sam da je to samo faza, kao \u0161to i jeste i to pod uticajem fotografa kome se vra\u0107am s vremena na vreme da vidim \u0161ta je novo uradio, a zove se <a href=\"https:\/\/horsthamann.squarespace.com\/\">Horst Haman<\/a>. <\/p>\n\n\n\n<p>Po meni, on je tako genijalan u svojim vertikalnim pejza\u017eima. Gotovo da je nemogu\u0107e vertikalnu kompoziciju zamisliti kao pejza\u017e. Ipak, ovaj fotograf je pravi virtuoz u tome. On fotogafi\u0161e poznate ve\u0107 vi\u0111ene objekte na potpuno nov na\u010din i vrtoglavo vodi kroz kompoziciju, \u0161eta fokus, igra se sa balansom. Sjajan je zaista.<\/p>\n<\/div><\/div>\n\n\n\n<div class=\"wp-block-advgb-column advgb-column\" id=\"advgb-col-90a1a5d4-b402-4756-8176-7f91220c8ca0\"><div class=\"advgb-column-inner\" style=\"border-style:none;border-width:1px\">\n<p>Ina\u010de, vertikalne kompozicije su trenutno aktuelne na dru\u0161tvenim mre\u017eama, naro\u010dito u klipovima Tiktoka i Reelsa, a i uop\u0161teno, mobilnih telefona. U teoriji, da budemo matemati\u010dki precizni, ljudskom oku najvi\u0161e prija horiziontalna kompozicija <a href=\"https:\/\/tiyana.net\/sr\/principi-kompozicije\/zlatni-presek\/\">zlatnog pravougaonika<\/a>. U njemu du\u017ea strana u odnosu na kra\u0107u, iznosi pribli\u017eno 1,618. Konkretno, broj 1,618 predstavlja ovaj idealan odnos i formati koji su standardi u \u0161tampanju fotogafija odgovaraju pribli\u017eno proporcijama&nbsp;zlatnog preseka&nbsp;na primer : 10\u00d715 cm, 13\u00d721 cm, 18x30cm&nbsp;i na dalje.&nbsp;<\/p>\n\n\n\n<p>Osim zlatnog preseka, postoji jo\u0161 jedan horizontalan popularan video format &#8211; 16:9, a od skoro \u010dak i \u0161ire, budu\u0107i da filmski formati zahtevaju dugo gledanje i fokus. Ljudsko oko &#8222;\u010dita&#8220; odozgo na gore. Kada je format uspravan, onda je naporno da dugo vremena posmatramo &#8222;uzan&#8220; kadar budu\u0107i da on stvara tenziju i pritisak. Zaklju\u010dujem da ba\u0161 zato formati na dru\u0161tvenim mre\u017eama moraju biti kratki, brzi, jer samo tako mogu da nam dr\u017ee pa\u017enju.&nbsp;<\/p>\n\n\n\n<p>Naravno da u ovih desetak minuta nismo stigli da pokrijemo sve \u0161to se mo\u017ee re\u0107i o selfiju, ali nadam se da sam ovim malim poku\u0161ajem doprela do onih koje zanima kako da naprave dobru fotografiju obi\u010dnim aparatom \/ mobilnim telefonom.<\/p>\n<\/div><\/div>\n<\/div><\/div><\/div>\n\n\n\n<p>Tekst o prilogu je objavljen i na portalu <a href=\"https:\/\/nova.rs\/emisije\/studijski-fotograf-otkriva-kako-napraviti-savrsen-selfi\/\">Nova.rs<\/a><\/p>\n\n\n\n<div style=\"height:32px\" aria-hidden=\"true\" class=\"wp-block-spacer\"><\/div>\n<style class=\"advgb-styles-renderer\">#advgb-col-c1347248-0ef0-48db-aee5-9f22c2b642e1>.advgb-column-inner{text-align:left;margin-right:0px;padding-bottom:0px;}@media screen and (max-width: 1023px) {#advgb-col-c1347248-0ef0-48db-aee5-9f22c2b642e1>.advgb-column-inner{}}@media screen and (max-width: 767px) {#advgb-col-c1347248-0ef0-48db-aee5-9f22c2b642e1>.advgb-column-inner{}}#advgb-col-3e670b78-f02d-44af-a8b6-3c46b4b23401>.advgb-column-inner{text-align:center;}@media screen and (max-width: 1023px) {#advgb-col-3e670b78-f02d-44af-a8b6-3c46b4b23401>.advgb-column-inner{}}@media screen and (max-width: 767px) {#advgb-col-3e670b78-f02d-44af-a8b6-3c46b4b23401>.advgb-column-inner{}}#advgb-cols-0ecd70b8-be82-4a38-bf9d-82ec61879c1d{margin-right:10px;margin-left:10px;padding-right:0px;}@media screen and (max-width: 1023px) {#advgb-cols-0ecd70b8-be82-4a38-bf9d-82ec61879c1d{}}@media screen and (max-width: 767px) {#advgb-cols-0ecd70b8-be82-4a38-bf9d-82ec61879c1d{}}#advgb-col-c1347248-0ef0-48db-aee5-9f22c2b642e1>.advgb-column-inner{text-align:left;margin-right:0px;padding-bottom:0px;}@media screen and (max-width: 1023px) {#advgb-col-c1347248-0ef0-48db-aee5-9f22c2b642e1>.advgb-column-inner{}}@media screen and (max-width: 767px) {#advgb-col-c1347248-0ef0-48db-aee5-9f22c2b642e1>.advgb-column-inner{}}#advgb-col-3e670b78-f02d-44af-a8b6-3c46b4b23401>.advgb-column-inner{text-align:center;}@media screen and (max-width: 1023px) {#advgb-col-3e670b78-f02d-44af-a8b6-3c46b4b23401>.advgb-column-inner{}}@media screen and (max-width: 767px) {#advgb-col-3e670b78-f02d-44af-a8b6-3c46b4b23401>.advgb-column-inner{}}#advgb-cols-0ecd70b8-be82-4a38-bf9d-82ec61879c1d{margin-right:10px;margin-left:10px;padding-right:0px;}@media screen and (max-width: 1023px) {#advgb-cols-0ecd70b8-be82-4a38-bf9d-82ec61879c1d{}}@media screen and (max-width: 767px) {#advgb-cols-0ecd70b8-be82-4a38-bf9d-82ec61879c1d{}}#advgb-col-c1347248-0ef0-48db-aee5-9f22c2b642e1>.advgb-column-inner{text-align:left;margin-right:0px;padding-bottom:0px;}@media screen and (max-width: 1023px) {#advgb-col-c1347248-0ef0-48db-aee5-9f22c2b642e1>.advgb-column-inner{}}@media screen and (max-width: 767px) {#advgb-col-c1347248-0ef0-48db-aee5-9f22c2b642e1>.advgb-column-inner{}}#advgb-col-3e670b78-f02d-44af-a8b6-3c46b4b23401>.advgb-column-inner{text-align:center;}@media screen and (max-width: 1023px) {#advgb-col-3e670b78-f02d-44af-a8b6-3c46b4b23401>.advgb-column-inner{}}@media screen and (max-width: 767px) {#advgb-col-3e670b78-f02d-44af-a8b6-3c46b4b23401>.advgb-column-inner{}}#advgb-col-2ba5efa7-5ac9-40ca-9ff4-b3119cff839b>.advgb-column-inner{}@media screen and (max-width: 1023px) {#advgb-col-2ba5efa7-5ac9-40ca-9ff4-b3119cff839b>.advgb-column-inner{}}@media screen and (max-width: 767px) {#advgb-col-2ba5efa7-5ac9-40ca-9ff4-b3119cff839b>.advgb-column-inner{}}#advgb-col-4777c72a-68c6-4940-932e-39d6f482f825>.advgb-column-inner{}@media screen and (max-width: 1023px) {#advgb-col-4777c72a-68c6-4940-932e-39d6f482f825>.advgb-column-inner{}}@media screen and (max-width: 767px) {#advgb-col-4777c72a-68c6-4940-932e-39d6f482f825>.advgb-column-inner{}}#advgb-cols-99d092c8-6efd-449d-928e-07fc08fa90de{margin-right:0px;margin-left:0px;}@media screen and (max-width: 1023px) {#advgb-cols-99d092c8-6efd-449d-928e-07fc08fa90de{}}@media screen and (max-width: 767px) {#advgb-cols-99d092c8-6efd-449d-928e-07fc08fa90de{}}#advgb-col-2ba5efa7-5ac9-40ca-9ff4-b3119cff839b>.advgb-column-inner{}@media screen and (max-width: 1023px) {#advgb-col-2ba5efa7-5ac9-40ca-9ff4-b3119cff839b>.advgb-column-inner{}}@media screen and (max-width: 767px) {#advgb-col-2ba5efa7-5ac9-40ca-9ff4-b3119cff839b>.advgb-column-inner{}}#advgb-col-4777c72a-68c6-4940-932e-39d6f482f825>.advgb-column-inner{}@media screen and (max-width: 1023px) {#advgb-col-4777c72a-68c6-4940-932e-39d6f482f825>.advgb-column-inner{}}@media screen and (max-width: 767px) {#advgb-col-4777c72a-68c6-4940-932e-39d6f482f825>.advgb-column-inner{}}#advgb-col-decee453-ce6b-402d-a790-93caa51d9779>.advgb-column-inner{margin-right:10px;margin-left:10px;}@media screen and (max-width: 1023px) {#advgb-col-decee453-ce6b-402d-a790-93caa51d9779>.advgb-column-inner{}}@media screen and (max-width: 767px) {#advgb-col-decee453-ce6b-402d-a790-93caa51d9779>.advgb-column-inner{}}#advgb-col-a665c9ab-fc22-49c5-93ea-f89f837452c7>.advgb-column-inner{margin-right:10px;margin-left:10px;}@media screen and (max-width: 1023px) {#advgb-col-a665c9ab-fc22-49c5-93ea-f89f837452c7>.advgb-column-inner{}}@media screen and (max-width: 767px) {#advgb-col-a665c9ab-fc22-49c5-93ea-f89f837452c7>.advgb-column-inner{}}#advgb-cols-2df414c7-34f8-45a8-84ec-d5604433678f{}@media screen and (max-width: 1023px) {#advgb-cols-2df414c7-34f8-45a8-84ec-d5604433678f{}}@media screen and (max-width: 767px) {#advgb-cols-2df414c7-34f8-45a8-84ec-d5604433678f{}}#advgb-col-decee453-ce6b-402d-a790-93caa51d9779>.advgb-column-inner{margin-right:10px;margin-left:10px;}@media screen and (max-width: 1023px) {#advgb-col-decee453-ce6b-402d-a790-93caa51d9779>.advgb-column-inner{}}@media screen and (max-width: 767px) {#advgb-col-decee453-ce6b-402d-a790-93caa51d9779>.advgb-column-inner{}}#advgb-col-a665c9ab-fc22-49c5-93ea-f89f837452c7>.advgb-column-inner{margin-right:10px;margin-left:10px;}@media screen and (max-width: 1023px) {#advgb-col-a665c9ab-fc22-49c5-93ea-f89f837452c7>.advgb-column-inner{}}@media screen and (max-width: 767px) {#advgb-col-a665c9ab-fc22-49c5-93ea-f89f837452c7>.advgb-column-inner{}}#advgb-cols-2df414c7-34f8-45a8-84ec-d5604433678f{}@media screen and (max-width: 1023px) {#advgb-cols-2df414c7-34f8-45a8-84ec-d5604433678f{}}@media screen and (max-width: 767px) {#advgb-cols-2df414c7-34f8-45a8-84ec-d5604433678f{}}#advgb-col-decee453-ce6b-402d-a790-93caa51d9779>.advgb-column-inner{margin-right:10px;margin-left:10px;}@media screen and (max-width: 1023px) {#advgb-col-decee453-ce6b-402d-a790-93caa51d9779>.advgb-column-inner{}}@media screen and (max-width: 767px) {#advgb-col-decee453-ce6b-402d-a790-93caa51d9779>.advgb-column-inner{}}#advgb-col-a665c9ab-fc22-49c5-93ea-f89f837452c7>.advgb-column-inner{margin-right:10px;margin-left:10px;}@media screen and (max-width: 1023px) {#advgb-col-a665c9ab-fc22-49c5-93ea-f89f837452c7>.advgb-column-inner{}}@media screen and (max-width: 767px) {#advgb-col-a665c9ab-fc22-49c5-93ea-f89f837452c7>.advgb-column-inner{}}#advgb-cols-2df414c7-34f8-45a8-84ec-d5604433678f{}@media screen and (max-width: 1023px) {#advgb-cols-2df414c7-34f8-45a8-84ec-d5604433678f{}}@media screen and (max-width: 767px) {#advgb-cols-2df414c7-34f8-45a8-84ec-d5604433678f{}}#advgb-col-decee453-ce6b-402d-a790-93caa51d9779>.advgb-column-inner{margin-right:10px;margin-left:10px;}@media screen and (max-width: 1023px) {#advgb-col-decee453-ce6b-402d-a790-93caa51d9779>.advgb-column-inner{}}@media screen and (max-width: 767px) {#advgb-col-decee453-ce6b-402d-a790-93caa51d9779>.advgb-column-inner{}}#advgb-col-a665c9ab-fc22-49c5-93ea-f89f837452c7>.advgb-column-inner{margin-right:10px;margin-left:10px;}@media screen and (max-width: 1023px) {#advgb-col-a665c9ab-fc22-49c5-93ea-f89f837452c7>.advgb-column-inner{}}@media screen and (max-width: 767px) {#advgb-col-a665c9ab-fc22-49c5-93ea-f89f837452c7>.advgb-column-inner{}}#advgb-cols-2df414c7-34f8-45a8-84ec-d5604433678f{}@media screen and (max-width: 1023px) {#advgb-cols-2df414c7-34f8-45a8-84ec-d5604433678f{}}@media screen and (max-width: 767px) {#advgb-cols-2df414c7-34f8-45a8-84ec-d5604433678f{}}#advgb-col-decee453-ce6b-402d-a790-93caa51d9779>.advgb-column-inner{margin-right:10px;margin-left:10px;}@media screen and (max-width: 1023px) {#advgb-col-decee453-ce6b-402d-a790-93caa51d9779>.advgb-column-inner{}}@media screen and (max-width: 767px) {#advgb-col-decee453-ce6b-402d-a790-93caa51d9779>.advgb-column-inner{}}#advgb-col-a665c9ab-fc22-49c5-93ea-f89f837452c7>.advgb-column-inner{margin-right:10px;margin-left:10px;}@media screen and (max-width: 1023px) {#advgb-col-a665c9ab-fc22-49c5-93ea-f89f837452c7>.advgb-column-inner{}}@media screen and (max-width: 767px) {#advgb-col-a665c9ab-fc22-49c5-93ea-f89f837452c7>.advgb-column-inner{}}#advgb-col-e1589ff0-f0b3-444f-8e0b-6e242e7cac4c>.advgb-column-inner{}@media screen and (max-width: 1023px) {#advgb-col-e1589ff0-f0b3-444f-8e0b-6e242e7cac4c>.advgb-column-inner{}}@media screen and (max-width: 767px) {#advgb-col-e1589ff0-f0b3-444f-8e0b-6e242e7cac4c>.advgb-column-inner{}}#advgb-col-90a1a5d4-b402-4756-8176-7f91220c8ca0>.advgb-column-inner{}@media screen and (max-width: 1023px) {#advgb-col-90a1a5d4-b402-4756-8176-7f91220c8ca0>.advgb-column-inner{}}@media screen and (max-width: 767px) {#advgb-col-90a1a5d4-b402-4756-8176-7f91220c8ca0>.advgb-column-inner{}}#advgb-cols-7b1b7921-ddb9-4c05-a51d-a8e3ba02ee50{}@media screen and (max-width: 1023px) {#advgb-cols-7b1b7921-ddb9-4c05-a51d-a8e3ba02ee50{}}@media screen and (max-width: 767px) {#advgb-cols-7b1b7921-ddb9-4c05-a51d-a8e3ba02ee50{}}#advgb-col-e1589ff0-f0b3-444f-8e0b-6e242e7cac4c>.advgb-column-inner{}@media screen and (max-width: 1023px) {#advgb-col-e1589ff0-f0b3-444f-8e0b-6e242e7cac4c>.advgb-column-inner{}}@media screen and (max-width: 767px) {#advgb-col-e1589ff0-f0b3-444f-8e0b-6e242e7cac4c>.advgb-column-inner{}}#advgb-col-90a1a5d4-b402-4756-8176-7f91220c8ca0>.advgb-column-inner{}@media screen and (max-width: 1023px) {#advgb-col-90a1a5d4-b402-4756-8176-7f91220c8ca0>.advgb-column-inner{}}@media screen and (max-width: 767px) {#advgb-col-90a1a5d4-b402-4756-8176-7f91220c8ca0>.advgb-column-inner{}}<\/style>","protected":false},"excerpt":{"rendered":"<p>U jutarnjem programu &#8222;Probudi se&#8220; na kanalu Nova S sam pri\u010dala o fotografisanju za dru\u0161tvene mre\u017ee 29. jula 2024. Pokrenuli smo nekoliko tema vezanih za trendove i selfije i kako napraviti dobru fotografiju sa putovanja. Na po\u010detku gostovanja govorila sam o tome kako ukadrirati selfi na primeru fotografije koju su napravili voditelji programa. Iznela sam [&hellip;]<\/p>\n","protected":false},"author":91,"featured_media":19438,"comment_status":"open","ping_status":"closed","sticky":false,"template":"","format":"standard","meta":{"_acf_changed":false,"advgb_blocks_editor_width":"","advgb_blocks_columns_visual_guide":"","footnotes":""},"categories":[140],"tags":[137,101,99,139,138,85],"class_list":["post-19435","post","type-post","status-publish","format-standard","has-post-thumbnail","hentry","category-intervju","tag-gostovanje","tag-inspiracija","tag-kreativa","tag-selfi","tag-tv","tag-video-sr"],"acf":[],"yoast_head":"<!-- This site is optimized with the Yoast SEO plugin v27.5 - https:\/\/yoast.com\/product\/yoast-seo-wordpress\/ -->\n<title>Kako napraviti dobru fotografiju - prilog na TV kanalu NOVA S - Profesionalni fotograf Beograd, Srbija<\/title>\n<meta name=\"description\" content=\"Kako napraviti dobru fotografiju sa putovanja i da li je to mogu\u0107e mobilnim telefonom - saveti fotografa u emisiji &quot;Probudi se&quot; na TV Nova S\" \/>\n<meta name=\"robots\" content=\"index, follow, max-snippet:-1, max-image-preview:large, max-video-preview:-1\" \/>\n<link rel=\"canonical\" href=\"https:\/\/tiyana.net\/sr\/kako-napraviti-dobru-fotografiju\/\" \/>\n<meta property=\"og:locale\" content=\"sr_RS\" \/>\n<meta property=\"og:type\" content=\"article\" \/>\n<meta property=\"og:title\" content=\"Kako napraviti dobru fotografiju - prilog na TV kanalu NOVA S - Profesionalni fotograf Beograd, Srbija\" \/>\n<meta property=\"og:description\" content=\"Kako napraviti dobru fotografiju sa putovanja i da li je to mogu\u0107e mobilnim telefonom - saveti fotografa u emisiji &quot;Probudi se&quot; na TV Nova S\" \/>\n<meta property=\"og:url\" content=\"https:\/\/tiyana.net\/sr\/kako-napraviti-dobru-fotografiju\/\" \/>\n<meta property=\"og:site_name\" content=\"Profesionalni fotograf Beograd, Srbija\" \/>\n<meta property=\"article:published_time\" content=\"2024-07-30T11:38:47+00:00\" \/>\n<meta property=\"article:modified_time\" content=\"2024-07-30T17:16:44+00:00\" \/>\n<meta property=\"og:image\" content=\"https:\/\/tiyana.net\/wp-content\/uploads\/2024\/07\/Tijana-Djindjic-Nova-S.jpg\" \/>\n\t<meta property=\"og:image:width\" content=\"1418\" \/>\n\t<meta property=\"og:image:height\" content=\"1080\" \/>\n\t<meta property=\"og:image:type\" content=\"image\/jpeg\" \/>\n<meta name=\"author\" content=\"Tiyana\" \/>\n<meta name=\"twitter:card\" content=\"summary_large_image\" \/>\n<meta name=\"twitter:label1\" content=\"\u041d\u0430\u043f\u0438\u0441\u0430\u043d\u043e \u043e\u0434\" \/>\n\t<meta name=\"twitter:data1\" content=\"Tiyana\" \/>\n\t<meta name=\"twitter:label2\" content=\"\u041f\u0440\u043e\u0446\u0435\u045a\u0435\u043d\u043e \u0432\u0440\u0435\u043c\u0435 \u0447\u0438\u0442\u0430\u045a\u0430\" \/>\n\t<meta name=\"twitter:data2\" content=\"6 \u043c\u0438\u043d\u0443\u0442\u0430\" \/>\n<script type=\"application\/ld+json\" class=\"yoast-schema-graph\">{\"@context\":\"https:\\\/\\\/schema.org\",\"@graph\":[{\"@type\":\"Article\",\"@id\":\"https:\\\/\\\/tiyana.net\\\/sr\\\/kako-napraviti-dobru-fotografiju\\\/#article\",\"isPartOf\":{\"@id\":\"https:\\\/\\\/tiyana.net\\\/sr\\\/kako-napraviti-dobru-fotografiju\\\/\"},\"author\":{\"name\":\"Tiyana\",\"@id\":\"https:\\\/\\\/tiyana.net\\\/sr\\\/#\\\/schema\\\/person\\\/d8fc769e5f4437391ac0e9d5e17e180b\"},\"headline\":\"Kako napraviti dobru fotografiju &#8211; prilog na TV kanalu NOVA S\",\"datePublished\":\"2024-07-30T11:38:47+00:00\",\"dateModified\":\"2024-07-30T17:16:44+00:00\",\"mainEntityOfPage\":{\"@id\":\"https:\\\/\\\/tiyana.net\\\/sr\\\/kako-napraviti-dobru-fotografiju\\\/\"},\"wordCount\":1281,\"commentCount\":0,\"publisher\":{\"@id\":\"https:\\\/\\\/tiyana.net\\\/sr\\\/#organization\"},\"image\":{\"@id\":\"https:\\\/\\\/tiyana.net\\\/sr\\\/kako-napraviti-dobru-fotografiju\\\/#primaryimage\"},\"thumbnailUrl\":\"https:\\\/\\\/tiyana.net\\\/wp-content\\\/uploads\\\/2024\\\/07\\\/Tijana-Djindjic-Nova-S.jpg\",\"keywords\":[\"Gostovanje\",\"Inspiracija\",\"Kreativa\",\"Selfi\",\"TV\",\"Video\"],\"articleSection\":[\"Intervju\"],\"inLanguage\":\"sr-RS\",\"potentialAction\":[{\"@type\":\"CommentAction\",\"name\":\"Comment\",\"target\":[\"https:\\\/\\\/tiyana.net\\\/sr\\\/kako-napraviti-dobru-fotografiju\\\/#respond\"]}]},{\"@type\":\"WebPage\",\"@id\":\"https:\\\/\\\/tiyana.net\\\/sr\\\/kako-napraviti-dobru-fotografiju\\\/\",\"url\":\"https:\\\/\\\/tiyana.net\\\/sr\\\/kako-napraviti-dobru-fotografiju\\\/\",\"name\":\"Kako napraviti dobru fotografiju - prilog na TV kanalu NOVA S - Profesionalni fotograf Beograd, Srbija\",\"isPartOf\":{\"@id\":\"https:\\\/\\\/tiyana.net\\\/sr\\\/#website\"},\"primaryImageOfPage\":{\"@id\":\"https:\\\/\\\/tiyana.net\\\/sr\\\/kako-napraviti-dobru-fotografiju\\\/#primaryimage\"},\"image\":{\"@id\":\"https:\\\/\\\/tiyana.net\\\/sr\\\/kako-napraviti-dobru-fotografiju\\\/#primaryimage\"},\"thumbnailUrl\":\"https:\\\/\\\/tiyana.net\\\/wp-content\\\/uploads\\\/2024\\\/07\\\/Tijana-Djindjic-Nova-S.jpg\",\"datePublished\":\"2024-07-30T11:38:47+00:00\",\"dateModified\":\"2024-07-30T17:16:44+00:00\",\"description\":\"Kako napraviti dobru fotografiju sa putovanja i da li je to mogu\u0107e mobilnim telefonom - saveti fotografa u emisiji \\\"Probudi se\\\" na TV Nova S\",\"breadcrumb\":{\"@id\":\"https:\\\/\\\/tiyana.net\\\/sr\\\/kako-napraviti-dobru-fotografiju\\\/#breadcrumb\"},\"inLanguage\":\"sr-RS\",\"potentialAction\":[{\"@type\":\"ReadAction\",\"target\":[\"https:\\\/\\\/tiyana.net\\\/sr\\\/kako-napraviti-dobru-fotografiju\\\/\"]}]},{\"@type\":\"ImageObject\",\"inLanguage\":\"sr-RS\",\"@id\":\"https:\\\/\\\/tiyana.net\\\/sr\\\/kako-napraviti-dobru-fotografiju\\\/#primaryimage\",\"url\":\"https:\\\/\\\/tiyana.net\\\/wp-content\\\/uploads\\\/2024\\\/07\\\/Tijana-Djindjic-Nova-S.jpg\",\"contentUrl\":\"https:\\\/\\\/tiyana.net\\\/wp-content\\\/uploads\\\/2024\\\/07\\\/Tijana-Djindjic-Nova-S.jpg\",\"width\":1418,\"height\":1080},{\"@type\":\"BreadcrumbList\",\"@id\":\"https:\\\/\\\/tiyana.net\\\/sr\\\/kako-napraviti-dobru-fotografiju\\\/#breadcrumb\",\"itemListElement\":[{\"@type\":\"ListItem\",\"position\":1,\"name\":\"Home\",\"item\":\"https:\\\/\\\/tiyana.net\\\/sr\\\/\"},{\"@type\":\"ListItem\",\"position\":2,\"name\":\"Kako napraviti dobru fotografiju &#8211; prilog na TV kanalu NOVA S\"}]},{\"@type\":\"WebSite\",\"@id\":\"https:\\\/\\\/tiyana.net\\\/sr\\\/#website\",\"url\":\"https:\\\/\\\/tiyana.net\\\/sr\\\/\",\"name\":\"Profesionalni fotograf Beograd, Srbija\",\"description\":\"Profesionalni fotograf specijalizovan za portrete, modnu, reklamnu i produkt fotografiju, foto studio u Beogradu\",\"publisher\":{\"@id\":\"https:\\\/\\\/tiyana.net\\\/sr\\\/#organization\"},\"potentialAction\":[{\"@type\":\"SearchAction\",\"target\":{\"@type\":\"EntryPoint\",\"urlTemplate\":\"https:\\\/\\\/tiyana.net\\\/sr\\\/?s={search_term_string}\"},\"query-input\":{\"@type\":\"PropertyValueSpecification\",\"valueRequired\":true,\"valueName\":\"search_term_string\"}}],\"inLanguage\":\"sr-RS\"},{\"@type\":\"Organization\",\"@id\":\"https:\\\/\\\/tiyana.net\\\/sr\\\/#organization\",\"name\":\"Profesionalni fotograf Beograd, Srbija\",\"url\":\"https:\\\/\\\/tiyana.net\\\/sr\\\/\",\"logo\":{\"@type\":\"ImageObject\",\"inLanguage\":\"sr-RS\",\"@id\":\"https:\\\/\\\/tiyana.net\\\/sr\\\/#\\\/schema\\\/logo\\\/image\\\/\",\"url\":\"https:\\\/\\\/tiyana.net\\\/wp-content\\\/uploads\\\/2022\\\/07\\\/catenamedialogo.jpg\",\"contentUrl\":\"https:\\\/\\\/tiyana.net\\\/wp-content\\\/uploads\\\/2022\\\/07\\\/catenamedialogo.jpg\",\"width\":525,\"height\":525,\"caption\":\"Profesionalni fotograf Beograd, Srbija\"},\"image\":{\"@id\":\"https:\\\/\\\/tiyana.net\\\/sr\\\/#\\\/schema\\\/logo\\\/image\\\/\"}},{\"@type\":\"Person\",\"@id\":\"https:\\\/\\\/tiyana.net\\\/sr\\\/#\\\/schema\\\/person\\\/d8fc769e5f4437391ac0e9d5e17e180b\",\"name\":\"Tiyana\",\"image\":{\"@type\":\"ImageObject\",\"inLanguage\":\"sr-RS\",\"@id\":\"https:\\\/\\\/secure.gravatar.com\\\/avatar\\\/d4edab64f9c7c970017620d0397fb10447f3320328703ee19e1547b66b24b992?s=96&d=blank&r=g\",\"url\":\"https:\\\/\\\/secure.gravatar.com\\\/avatar\\\/d4edab64f9c7c970017620d0397fb10447f3320328703ee19e1547b66b24b992?s=96&d=blank&r=g\",\"contentUrl\":\"https:\\\/\\\/secure.gravatar.com\\\/avatar\\\/d4edab64f9c7c970017620d0397fb10447f3320328703ee19e1547b66b24b992?s=96&d=blank&r=g\",\"caption\":\"Tiyana\"},\"url\":\"https:\\\/\\\/tiyana.net\\\/sr\\\/author\\\/tiksi\\\/\"}]}<\/script>\n<!-- \/ Yoast SEO plugin. -->","yoast_head_json":{"title":"Kako napraviti dobru fotografiju - prilog na TV kanalu NOVA S - Profesionalni fotograf Beograd, Srbija","description":"Kako napraviti dobru fotografiju sa putovanja i da li je to mogu\u0107e mobilnim telefonom - saveti fotografa u emisiji \"Probudi se\" na TV Nova S","robots":{"index":"index","follow":"follow","max-snippet":"max-snippet:-1","max-image-preview":"max-image-preview:large","max-video-preview":"max-video-preview:-1"},"canonical":"https:\/\/tiyana.net\/sr\/kako-napraviti-dobru-fotografiju\/","og_locale":"sr_RS","og_type":"article","og_title":"Kako napraviti dobru fotografiju - prilog na TV kanalu NOVA S - Profesionalni fotograf Beograd, Srbija","og_description":"Kako napraviti dobru fotografiju sa putovanja i da li je to mogu\u0107e mobilnim telefonom - saveti fotografa u emisiji \"Probudi se\" na TV Nova S","og_url":"https:\/\/tiyana.net\/sr\/kako-napraviti-dobru-fotografiju\/","og_site_name":"Profesionalni fotograf Beograd, Srbija","article_published_time":"2024-07-30T11:38:47+00:00","article_modified_time":"2024-07-30T17:16:44+00:00","og_image":[{"width":1418,"height":1080,"url":"https:\/\/tiyana.net\/wp-content\/uploads\/2024\/07\/Tijana-Djindjic-Nova-S.jpg","type":"image\/jpeg"}],"author":"Tiyana","twitter_card":"summary_large_image","twitter_misc":{"\u041d\u0430\u043f\u0438\u0441\u0430\u043d\u043e \u043e\u0434":"Tiyana","\u041f\u0440\u043e\u0446\u0435\u045a\u0435\u043d\u043e \u0432\u0440\u0435\u043c\u0435 \u0447\u0438\u0442\u0430\u045a\u0430":"6 \u043c\u0438\u043d\u0443\u0442\u0430"},"schema":{"@context":"https:\/\/schema.org","@graph":[{"@type":"Article","@id":"https:\/\/tiyana.net\/sr\/kako-napraviti-dobru-fotografiju\/#article","isPartOf":{"@id":"https:\/\/tiyana.net\/sr\/kako-napraviti-dobru-fotografiju\/"},"author":{"name":"Tiyana","@id":"https:\/\/tiyana.net\/sr\/#\/schema\/person\/d8fc769e5f4437391ac0e9d5e17e180b"},"headline":"Kako napraviti dobru fotografiju &#8211; prilog na TV kanalu NOVA S","datePublished":"2024-07-30T11:38:47+00:00","dateModified":"2024-07-30T17:16:44+00:00","mainEntityOfPage":{"@id":"https:\/\/tiyana.net\/sr\/kako-napraviti-dobru-fotografiju\/"},"wordCount":1281,"commentCount":0,"publisher":{"@id":"https:\/\/tiyana.net\/sr\/#organization"},"image":{"@id":"https:\/\/tiyana.net\/sr\/kako-napraviti-dobru-fotografiju\/#primaryimage"},"thumbnailUrl":"https:\/\/tiyana.net\/wp-content\/uploads\/2024\/07\/Tijana-Djindjic-Nova-S.jpg","keywords":["Gostovanje","Inspiracija","Kreativa","Selfi","TV","Video"],"articleSection":["Intervju"],"inLanguage":"sr-RS","potentialAction":[{"@type":"CommentAction","name":"Comment","target":["https:\/\/tiyana.net\/sr\/kako-napraviti-dobru-fotografiju\/#respond"]}]},{"@type":"WebPage","@id":"https:\/\/tiyana.net\/sr\/kako-napraviti-dobru-fotografiju\/","url":"https:\/\/tiyana.net\/sr\/kako-napraviti-dobru-fotografiju\/","name":"Kako napraviti dobru fotografiju - prilog na TV kanalu NOVA S - Profesionalni fotograf Beograd, Srbija","isPartOf":{"@id":"https:\/\/tiyana.net\/sr\/#website"},"primaryImageOfPage":{"@id":"https:\/\/tiyana.net\/sr\/kako-napraviti-dobru-fotografiju\/#primaryimage"},"image":{"@id":"https:\/\/tiyana.net\/sr\/kako-napraviti-dobru-fotografiju\/#primaryimage"},"thumbnailUrl":"https:\/\/tiyana.net\/wp-content\/uploads\/2024\/07\/Tijana-Djindjic-Nova-S.jpg","datePublished":"2024-07-30T11:38:47+00:00","dateModified":"2024-07-30T17:16:44+00:00","description":"Kako napraviti dobru fotografiju sa putovanja i da li je to mogu\u0107e mobilnim telefonom - saveti fotografa u emisiji \"Probudi se\" na TV Nova S","breadcrumb":{"@id":"https:\/\/tiyana.net\/sr\/kako-napraviti-dobru-fotografiju\/#breadcrumb"},"inLanguage":"sr-RS","potentialAction":[{"@type":"ReadAction","target":["https:\/\/tiyana.net\/sr\/kako-napraviti-dobru-fotografiju\/"]}]},{"@type":"ImageObject","inLanguage":"sr-RS","@id":"https:\/\/tiyana.net\/sr\/kako-napraviti-dobru-fotografiju\/#primaryimage","url":"https:\/\/tiyana.net\/wp-content\/uploads\/2024\/07\/Tijana-Djindjic-Nova-S.jpg","contentUrl":"https:\/\/tiyana.net\/wp-content\/uploads\/2024\/07\/Tijana-Djindjic-Nova-S.jpg","width":1418,"height":1080},{"@type":"BreadcrumbList","@id":"https:\/\/tiyana.net\/sr\/kako-napraviti-dobru-fotografiju\/#breadcrumb","itemListElement":[{"@type":"ListItem","position":1,"name":"Home","item":"https:\/\/tiyana.net\/sr\/"},{"@type":"ListItem","position":2,"name":"Kako napraviti dobru fotografiju &#8211; prilog na TV kanalu NOVA S"}]},{"@type":"WebSite","@id":"https:\/\/tiyana.net\/sr\/#website","url":"https:\/\/tiyana.net\/sr\/","name":"Profesionalni fotograf Beograd, Srbija","description":"Profesionalni fotograf specijalizovan za portrete, modnu, reklamnu i produkt fotografiju, foto studio u Beogradu","publisher":{"@id":"https:\/\/tiyana.net\/sr\/#organization"},"potentialAction":[{"@type":"SearchAction","target":{"@type":"EntryPoint","urlTemplate":"https:\/\/tiyana.net\/sr\/?s={search_term_string}"},"query-input":{"@type":"PropertyValueSpecification","valueRequired":true,"valueName":"search_term_string"}}],"inLanguage":"sr-RS"},{"@type":"Organization","@id":"https:\/\/tiyana.net\/sr\/#organization","name":"Profesionalni fotograf Beograd, Srbija","url":"https:\/\/tiyana.net\/sr\/","logo":{"@type":"ImageObject","inLanguage":"sr-RS","@id":"https:\/\/tiyana.net\/sr\/#\/schema\/logo\/image\/","url":"https:\/\/tiyana.net\/wp-content\/uploads\/2022\/07\/catenamedialogo.jpg","contentUrl":"https:\/\/tiyana.net\/wp-content\/uploads\/2022\/07\/catenamedialogo.jpg","width":525,"height":525,"caption":"Profesionalni fotograf Beograd, Srbija"},"image":{"@id":"https:\/\/tiyana.net\/sr\/#\/schema\/logo\/image\/"}},{"@type":"Person","@id":"https:\/\/tiyana.net\/sr\/#\/schema\/person\/d8fc769e5f4437391ac0e9d5e17e180b","name":"Tiyana","image":{"@type":"ImageObject","inLanguage":"sr-RS","@id":"https:\/\/secure.gravatar.com\/avatar\/d4edab64f9c7c970017620d0397fb10447f3320328703ee19e1547b66b24b992?s=96&d=blank&r=g","url":"https:\/\/secure.gravatar.com\/avatar\/d4edab64f9c7c970017620d0397fb10447f3320328703ee19e1547b66b24b992?s=96&d=blank&r=g","contentUrl":"https:\/\/secure.gravatar.com\/avatar\/d4edab64f9c7c970017620d0397fb10447f3320328703ee19e1547b66b24b992?s=96&d=blank&r=g","caption":"Tiyana"},"url":"https:\/\/tiyana.net\/sr\/author\/tiksi\/"}]}},"author_meta":{"display_name":"Tiyana","author_link":"https:\/\/tiyana.net\/sr\/author\/tiksi\/"},"featured_img":"https:\/\/tiyana.net\/wp-content\/uploads\/2024\/07\/Tijana-Djindjic-Nova-S-300x228.jpg","coauthors":[],"tax_additional":{"categories":{"linked":["<a href=\"https:\/\/tiyana.net\/sr\/category\/intervju\/\" class=\"advgb-post-tax-term\">Intervju<\/a>"],"unlinked":["<span class=\"advgb-post-tax-term\">Intervju<\/span>"]},"tags":{"linked":["<a href=\"https:\/\/tiyana.net\/sr\/category\/intervju\/\" class=\"advgb-post-tax-term\">Gostovanje<\/a>","<a href=\"https:\/\/tiyana.net\/sr\/category\/intervju\/\" class=\"advgb-post-tax-term\">Inspiracija<\/a>","<a href=\"https:\/\/tiyana.net\/sr\/category\/intervju\/\" class=\"advgb-post-tax-term\">Kreativa<\/a>","<a href=\"https:\/\/tiyana.net\/sr\/category\/intervju\/\" class=\"advgb-post-tax-term\">Selfi<\/a>","<a href=\"https:\/\/tiyana.net\/sr\/category\/intervju\/\" class=\"advgb-post-tax-term\">TV<\/a>","<a href=\"https:\/\/tiyana.net\/sr\/category\/intervju\/\" class=\"advgb-post-tax-term\">Video<\/a>"],"unlinked":["<span class=\"advgb-post-tax-term\">Gostovanje<\/span>","<span class=\"advgb-post-tax-term\">Inspiracija<\/span>","<span class=\"advgb-post-tax-term\">Kreativa<\/span>","<span class=\"advgb-post-tax-term\">Selfi<\/span>","<span class=\"advgb-post-tax-term\">TV<\/span>","<span class=\"advgb-post-tax-term\">Video<\/span>"]}},"comment_count":"0","relative_dates":{"created":"Posted 2 \u0433\u043e\u0434\u0438\u043d\u0435 ago","modified":"Updated 2 \u0433\u043e\u0434\u0438\u043d\u0435 ago"},"absolute_dates":{"created":"Posted on 30. juli 2024.","modified":"Updated on 30. juli 2024."},"absolute_dates_time":{"created":"Posted on 30. juli 2024. 12:38 ","modified":"Updated on 30. juli 2024. 18:16 "},"featured_img_caption":"","series_order":"","_links":{"self":[{"href":"https:\/\/tiyana.net\/sr\/wp-json\/wp\/v2\/posts\/19435","targetHints":{"allow":["GET"]}}],"collection":[{"href":"https:\/\/tiyana.net\/sr\/wp-json\/wp\/v2\/posts"}],"about":[{"href":"https:\/\/tiyana.net\/sr\/wp-json\/wp\/v2\/types\/post"}],"author":[{"embeddable":true,"href":"https:\/\/tiyana.net\/sr\/wp-json\/wp\/v2\/users\/91"}],"replies":[{"embeddable":true,"href":"https:\/\/tiyana.net\/sr\/wp-json\/wp\/v2\/comments?post=19435"}],"version-history":[{"count":0,"href":"https:\/\/tiyana.net\/sr\/wp-json\/wp\/v2\/posts\/19435\/revisions"}],"wp:featuredmedia":[{"embeddable":true,"href":"https:\/\/tiyana.net\/sr\/wp-json\/wp\/v2\/media\/19438"}],"wp:attachment":[{"href":"https:\/\/tiyana.net\/sr\/wp-json\/wp\/v2\/media?parent=19435"}],"wp:term":[{"taxonomy":"category","embeddable":true,"href":"https:\/\/tiyana.net\/sr\/wp-json\/wp\/v2\/categories?post=19435"},{"taxonomy":"post_tag","embeddable":true,"href":"https:\/\/tiyana.net\/sr\/wp-json\/wp\/v2\/tags?post=19435"}],"curies":[{"name":"wp","href":"https:\/\/api.w.org\/{rel}","templated":true}]}}