{"id":15706,"date":"2022-04-05T10:55:35","date_gmt":"2022-04-05T09:55:35","guid":{"rendered":"https:\/\/tiyana.net\/?p=15706"},"modified":"2023-01-13T16:40:00","modified_gmt":"2023-01-13T15:40:00","slug":"prolecna-izlozba","status":"publish","type":"post","link":"https:\/\/tiyana.net\/sr\/prolecna-izlozba\/","title":{"rendered":"Prole\u0107na izlo\u017eba ULUS-a"},"content":{"rendered":"\n<div class=\"wp-block-columns is-layout-flex wp-container-core-columns-is-layout-9d6595d7 wp-block-columns-is-layout-flex\">\n<div class=\"wp-block-column is-layout-flow wp-block-column-is-layout-flow\" style=\"flex-basis:75%\">\n<p>Sa rado\u0161\u0107u vas obave\u0161tavam da \u0107u biti jedan od izlaga\u010da na prole\u0107noj izlo\u017ebi Udru\u017eenja likovnih umetnika Srbije ULUS-a koja \u0107e se odr\u017eati u Paviljonu Cvijete Zuzori\u0107 na Kalemegdanu u Beogradu.<\/p>\n<p>Otvaranje nove Prole\u0107ne izlo\u017ebe pod naslovom \u201cUmetnost i dru\u0161tvo\u201d po\u010dinje 7. aprila 2022. godine u 19 \u010dasova. Traja\u0107e 72 sata i bi\u0107e to <a href=\"https:\/\/ulus.rs\/blog\/prolecna-izlozba-2022-umetnost-i-drustvo\/\">najdu\u017ee otvaranje u istoriji ULUS-ovih izlo\u017ebi<\/a>. Tokom tri dana i tri no\u0107i, Paviljon \u201cCvijeta Zuzori\u0107\u201d \u0107e postati prostor dru\u017eenja i dru\u0161tvenosti. U njemu \u0107e se \u017eiveti i raditi, uz susrete, razgovore, kuvanje, spavanje, tlapnje, pitanja, dobre volje, katkad i sudare. Bi\u0107e re\u010di o umetni\u010dkim radovima, vremena za stvaranje novih, kao i prostora za ispitivanje relacija u sistemu umetni\u010dke i dru\u0161tvene produkcije.<\/p>\n<p>Izlo\u017eba \u0107e trajati do kraja aprila, a ja \u0107u biti na otvaranju i kao deo svoje grupe bi\u0107u prisutna i u subotu 9. aprila od 10 do 12 \u010dasova. I po koji drugi put spontano.<\/p>\n<p>Ovog puta izla\u017eem analognu fotografiju iz serije kao najavu samostalne izlo\u017ebe koju pripremam. U pitanju je <span style=\"font-size: revert; color: initial;\">pozitiv na umetni\u010dkom <\/span>papiru, razvijen u foto laboratoriji, originalni primerak 1\/1, neponovljiv zbog na\u010dina nano\u0161enja te\u010dne emulzije.&nbsp; Na\u010dinom izrade sam te\u017eila da postignem likovnost koja je u doba hiperprodukcije fotografija izgubila na va\u017enosti.<\/p>\n<p>Dakle, mnogo kreativnih radova me\u0111u kojima i moja fotografija ve\u0107eg formata kao mali, maleni uvid u pripremu samostalne izlo\u017ebe.<\/p>\n<p>Do\u0111ite! Ta\u010dna lokacija izlo\u017ebe je na mapi ispod.<\/p>\n<div class=\"fw-map\" data-locations=\"[{&quot;title&quot;:&quot;Umetni\\u010dki paviljon Cvijeta Zuzori\\u0107&quot;,&quot;url&quot;:&quot;&quot;,&quot;thumb&quot;:false,&quot;coordinates&quot;:{&quot;lat&quot;:44.822627,&quot;lng&quot;:20.4538758},&quot;description&quot;:&quot;Prole\\u0107na izlo\\u017eba tokom aprila 2022&quot;}]\" data-map-type=\"HYBRID\" data-map-height=\"300\" data-gmap-key=\"AIzaSyDUdV8AjfnJYfrYgrtlXUR09TME2z4aNYs\" data-disable-scrolling=\"false\" data---fw-editor-shortcodes-id=\"eafb78ef304f9f3ce22636747d0d086e\" >\n\t<div class=\"fw-map-canvas\"><\/div>\n<\/div>\n<\/div>\n\n\n\n<div class=\"wp-block-column has-background is-layout-flow wp-block-column-is-layout-flow\" style=\"background-color:#ededed;flex-basis:25%\">\n<div class=\"wp-block-cover is-light has-custom-content-position is-position-top-center\"><span aria-hidden=\"true\" class=\"wp-block-cover__background has-background-dim-0 has-background-dim\"><\/span><div class=\"wp-block-cover__inner-container is-layout-flow wp-block-cover-is-layout-flow\">\n<div class=\"wp-block-group\"><div class=\"wp-block-group__inner-container is-layout-constrained wp-block-group-is-layout-constrained\">\n<h5 class=\"wp-block-heading\">SKORA\u0160NJE OBJAVE<\/h5>\n\n\n<ul class=\"wp-block-latest-posts__list has-dates wp-block-latest-posts\"><li><div class=\"wp-block-latest-posts__featured-image alignright\"><img loading=\"lazy\" decoding=\"async\" width=\"300\" height=\"228\" src=\"https:\/\/tiyana.net\/wp-content\/uploads\/2025\/10\/Atelier-Gunjak-Photosession-300x228.jpg\" class=\"attachment-medium size-medium wp-post-image\" alt=\"\" style=\"max-width:60px;max-height:43px;\" srcset=\"https:\/\/tiyana.net\/wp-content\/uploads\/2025\/10\/Atelier-Gunjak-Photosession-300x228.jpg 300w, https:\/\/tiyana.net\/wp-content\/uploads\/2025\/10\/Atelier-Gunjak-Photosession-1024x780.jpg 1024w, https:\/\/tiyana.net\/wp-content\/uploads\/2025\/10\/Atelier-Gunjak-Photosession-1536x1170.jpg 1536w, https:\/\/tiyana.net\/wp-content\/uploads\/2025\/10\/Atelier-Gunjak-Photosession-2048x1560.jpg 2048w, https:\/\/tiyana.net\/wp-content\/uploads\/2025\/10\/Atelier-Gunjak-Photosession-600x457.jpg 600w\" sizes=\"auto, (max-width: 300px) 100vw, 300px\" \/><\/div><a class=\"wp-block-latest-posts__post-title\" href=\"https:\/\/tiyana.net\/sr\/modne-fotografije-za-atelier-gunjak\/\">Modne fotografije za Atelier Gunjak<\/a><time datetime=\"2025-10-24T09:14:46+01:00\" class=\"wp-block-latest-posts__post-date\">24\/10\/2025<\/time><\/li>\n<li><div class=\"wp-block-latest-posts__featured-image alignright\"><img loading=\"lazy\" decoding=\"async\" width=\"300\" height=\"200\" src=\"https:\/\/tiyana.net\/wp-content\/uploads\/2024\/10\/Hencers-Fashion-Photograhy-22-300x200.jpg\" class=\"attachment-medium size-medium wp-post-image\" alt=\"\" style=\"max-width:60px;max-height:43px;\" srcset=\"https:\/\/tiyana.net\/wp-content\/uploads\/2024\/10\/Hencers-Fashion-Photograhy-22-300x200.jpg 300w, https:\/\/tiyana.net\/wp-content\/uploads\/2024\/10\/Hencers-Fashion-Photograhy-22-1024x683.jpg 1024w, https:\/\/tiyana.net\/wp-content\/uploads\/2024\/10\/Hencers-Fashion-Photograhy-22-1536x1024.jpg 1536w, https:\/\/tiyana.net\/wp-content\/uploads\/2024\/10\/Hencers-Fashion-Photograhy-22.jpg 1920w\" sizes=\"auto, (max-width: 300px) 100vw, 300px\" \/><\/div><a class=\"wp-block-latest-posts__post-title\" href=\"https:\/\/tiyana.net\/sr\/modne-fotografije-za-online-shop\/\">Modne fotografije za online shop<\/a><time datetime=\"2024-10-10T21:03:52+01:00\" class=\"wp-block-latest-posts__post-date\">10\/10\/2024<\/time><\/li>\n<li><div class=\"wp-block-latest-posts__featured-image alignright\"><img loading=\"lazy\" decoding=\"async\" width=\"300\" height=\"228\" src=\"https:\/\/tiyana.net\/wp-content\/uploads\/2024\/09\/Jesenja-izlozba-Ulus-pozivnica-sa-Tijanom-300x228.jpg\" class=\"attachment-medium size-medium wp-post-image\" alt=\"\" style=\"max-width:60px;max-height:43px;\" srcset=\"https:\/\/tiyana.net\/wp-content\/uploads\/2024\/09\/Jesenja-izlozba-Ulus-pozivnica-sa-Tijanom-300x228.jpg 300w, https:\/\/tiyana.net\/wp-content\/uploads\/2024\/09\/Jesenja-izlozba-Ulus-pozivnica-sa-Tijanom-1024x780.jpg 1024w, https:\/\/tiyana.net\/wp-content\/uploads\/2024\/09\/Jesenja-izlozba-Ulus-pozivnica-sa-Tijanom-1536x1170.jpg 1536w, https:\/\/tiyana.net\/wp-content\/uploads\/2024\/09\/Jesenja-izlozba-Ulus-pozivnica-sa-Tijanom-2048x1560.jpg 2048w\" sizes=\"auto, (max-width: 300px) 100vw, 300px\" \/><\/div><a class=\"wp-block-latest-posts__post-title\" href=\"https:\/\/tiyana.net\/sr\/jesenja-izlozba\/\">Jesenja izlo\u017eba<\/a><time datetime=\"2024-09-24T12:10:12+01:00\" class=\"wp-block-latest-posts__post-date\">24\/09\/2024<\/time><\/li>\n<li><div class=\"wp-block-latest-posts__featured-image alignright\"><img loading=\"lazy\" decoding=\"async\" width=\"300\" height=\"228\" src=\"https:\/\/tiyana.net\/wp-content\/uploads\/2024\/07\/Tijana-Djindjic-Nova-S-300x228.jpg\" class=\"attachment-medium size-medium wp-post-image\" alt=\"\" style=\"max-width:60px;max-height:43px;\" srcset=\"https:\/\/tiyana.net\/wp-content\/uploads\/2024\/07\/Tijana-Djindjic-Nova-S-300x228.jpg 300w, https:\/\/tiyana.net\/wp-content\/uploads\/2024\/07\/Tijana-Djindjic-Nova-S-1024x780.jpg 1024w, https:\/\/tiyana.net\/wp-content\/uploads\/2024\/07\/Tijana-Djindjic-Nova-S.jpg 1418w\" sizes=\"auto, (max-width: 300px) 100vw, 300px\" \/><\/div><a class=\"wp-block-latest-posts__post-title\" href=\"https:\/\/tiyana.net\/sr\/kako-napraviti-dobru-fotografiju\/\">Kako napraviti dobru fotografiju &#8211; prilog na TV kanalu NOVA S<\/a><time datetime=\"2024-07-30T12:38:47+01:00\" class=\"wp-block-latest-posts__post-date\">30\/07\/2024<\/time><\/li>\n<li><div class=\"wp-block-latest-posts__featured-image alignright\"><img loading=\"lazy\" decoding=\"async\" width=\"300\" height=\"229\" src=\"https:\/\/tiyana.net\/wp-content\/uploads\/2024\/05\/izolacija-300x229.jpg\" class=\"attachment-medium size-medium wp-post-image\" alt=\"\" style=\"max-width:60px;max-height:43px;\" srcset=\"https:\/\/tiyana.net\/wp-content\/uploads\/2024\/05\/izolacija-300x229.jpg 300w, https:\/\/tiyana.net\/wp-content\/uploads\/2024\/05\/izolacija-1024x780.jpg 1024w, https:\/\/tiyana.net\/wp-content\/uploads\/2024\/05\/izolacija-1536x1170.jpg 1536w, https:\/\/tiyana.net\/wp-content\/uploads\/2024\/05\/izolacija.jpg 1800w\" sizes=\"auto, (max-width: 300px) 100vw, 300px\" \/><\/div><a class=\"wp-block-latest-posts__post-title\" href=\"https:\/\/tiyana.net\/sr\/izolacija\/\">Izolacija<\/a><time datetime=\"2024-05-28T16:39:45+01:00\" class=\"wp-block-latest-posts__post-date\">28\/05\/2024<\/time><\/li>\n<\/ul><\/div><\/div>\n<\/div><\/div>\n<\/div>\n<\/div>\n","protected":false},"excerpt":{"rendered":"<p>Pozivam vas na najdu\u017ee otvaranje izlo\u017ebe u istoriji ULUS-a koje \u0107e trajati 72 sata sa po\u010detkom u \u010detvrtak 7. aprila na kojoj \u0107e biti jedan moj rad me\u0111u ostalim kao najava za samostalnu izlo\u017ebu u pripremi.<\/p>\n","protected":false},"author":2,"featured_media":15710,"comment_status":"open","ping_status":"closed","sticky":false,"template":"","format":"standard","meta":{"_acf_changed":false,"advgb_blocks_editor_width":"","advgb_blocks_columns_visual_guide":"","footnotes":""},"categories":[6],"tags":[126,99,79,83],"class_list":["post-15706","post","type-post","status-publish","format-standard","has-post-thumbnail","hentry","category-izlozbe","tag-izlozba","tag-kreativa","tag-najave","tag-projekti"],"acf":[],"yoast_head":"<!-- This site is optimized with the Yoast SEO plugin v26.9 - https:\/\/yoast.com\/product\/yoast-seo-wordpress\/ -->\n<title>Prole\u0107na izlo\u017eba ULUS-a - Profesionalni fotograf Beograd, Srbija<\/title>\n<meta name=\"robots\" content=\"index, follow, max-snippet:-1, max-image-preview:large, max-video-preview:-1\" \/>\n<link rel=\"canonical\" href=\"https:\/\/tiyana.net\/sr\/prolecna-izlozba\/\" \/>\n<meta property=\"og:locale\" content=\"sr_RS\" \/>\n<meta property=\"og:type\" content=\"article\" \/>\n<meta property=\"og:title\" content=\"Prole\u0107na izlo\u017eba ULUS-a - Profesionalni fotograf Beograd, Srbija\" \/>\n<meta property=\"og:description\" content=\"Pozivam vas na najdu\u017ee otvaranje izlo\u017ebe u istoriji ULUS-a koje \u0107e trajati 72 sata sa po\u010detkom u \u010detvrtak 7. aprila na kojoj \u0107e biti jedan moj rad me\u0111u ostalim kao najava za samostalnu izlo\u017ebu u pripremi.\" \/>\n<meta property=\"og:url\" content=\"https:\/\/tiyana.net\/sr\/prolecna-izlozba\/\" \/>\n<meta property=\"og:site_name\" content=\"Profesionalni fotograf Beograd, Srbija\" \/>\n<meta property=\"article:published_time\" content=\"2022-04-05T09:55:35+00:00\" \/>\n<meta property=\"article:modified_time\" content=\"2023-01-13T15:40:00+00:00\" \/>\n<meta property=\"og:image\" content=\"https:\/\/tiyana.net\/wp-content\/uploads\/2022\/04\/sesira.jpg\" \/>\n\t<meta property=\"og:image:width\" content=\"776\" \/>\n\t<meta property=\"og:image:height\" content=\"776\" \/>\n\t<meta property=\"og:image:type\" content=\"image\/jpeg\" \/>\n<meta name=\"author\" content=\"Tiyana\" \/>\n<meta name=\"twitter:card\" content=\"summary_large_image\" \/>\n<meta name=\"twitter:label1\" content=\"\u041d\u0430\u043f\u0438\u0441\u0430\u043d\u043e \u043e\u0434\" \/>\n\t<meta name=\"twitter:data1\" content=\"Tiyana\" \/>\n\t<meta name=\"twitter:label2\" content=\"\u041f\u0440\u043e\u0446\u0435\u045a\u0435\u043d\u043e \u0432\u0440\u0435\u043c\u0435 \u0447\u0438\u0442\u0430\u045a\u0430\" \/>\n\t<meta name=\"twitter:data2\" content=\"2 \u043c\u0438\u043d\u0443\u0442\u0430\" \/>\n<script type=\"application\/ld+json\" class=\"yoast-schema-graph\">{\"@context\":\"https:\/\/schema.org\",\"@graph\":[{\"@type\":\"Article\",\"@id\":\"https:\/\/tiyana.net\/sr\/prolecna-izlozba\/#article\",\"isPartOf\":{\"@id\":\"https:\/\/tiyana.net\/sr\/prolecna-izlozba\/\"},\"author\":{\"name\":\"Tiyana\",\"@id\":\"https:\/\/tiyana.net\/sr\/#\/schema\/person\/99d5b93f2587f4ce935f593ba0533b45\"},\"headline\":\"Prole\u0107na izlo\u017eba ULUS-a\",\"datePublished\":\"2022-04-05T09:55:35+00:00\",\"dateModified\":\"2023-01-13T15:40:00+00:00\",\"mainEntityOfPage\":{\"@id\":\"https:\/\/tiyana.net\/sr\/prolecna-izlozba\/\"},\"wordCount\":358,\"commentCount\":0,\"publisher\":{\"@id\":\"https:\/\/tiyana.net\/sr\/#organization\"},\"image\":{\"@id\":\"https:\/\/tiyana.net\/sr\/prolecna-izlozba\/#primaryimage\"},\"thumbnailUrl\":\"https:\/\/tiyana.net\/wp-content\/uploads\/2022\/04\/sesira.jpg\",\"keywords\":[\"Izlo\u017eba\",\"Kreativa\",\"Najave\",\"Projekti\"],\"articleSection\":[\"Izlo\u017ebe\"],\"inLanguage\":\"sr-RS\",\"potentialAction\":[{\"@type\":\"CommentAction\",\"name\":\"Comment\",\"target\":[\"https:\/\/tiyana.net\/sr\/prolecna-izlozba\/#respond\"]}]},{\"@type\":\"WebPage\",\"@id\":\"https:\/\/tiyana.net\/sr\/prolecna-izlozba\/\",\"url\":\"https:\/\/tiyana.net\/sr\/prolecna-izlozba\/\",\"name\":\"Prole\u0107na izlo\u017eba ULUS-a - Profesionalni fotograf Beograd, Srbija\",\"isPartOf\":{\"@id\":\"https:\/\/tiyana.net\/sr\/#website\"},\"primaryImageOfPage\":{\"@id\":\"https:\/\/tiyana.net\/sr\/prolecna-izlozba\/#primaryimage\"},\"image\":{\"@id\":\"https:\/\/tiyana.net\/sr\/prolecna-izlozba\/#primaryimage\"},\"thumbnailUrl\":\"https:\/\/tiyana.net\/wp-content\/uploads\/2022\/04\/sesira.jpg\",\"datePublished\":\"2022-04-05T09:55:35+00:00\",\"dateModified\":\"2023-01-13T15:40:00+00:00\",\"breadcrumb\":{\"@id\":\"https:\/\/tiyana.net\/sr\/prolecna-izlozba\/#breadcrumb\"},\"inLanguage\":\"sr-RS\",\"potentialAction\":[{\"@type\":\"ReadAction\",\"target\":[\"https:\/\/tiyana.net\/sr\/prolecna-izlozba\/\"]}]},{\"@type\":\"ImageObject\",\"inLanguage\":\"sr-RS\",\"@id\":\"https:\/\/tiyana.net\/sr\/prolecna-izlozba\/#primaryimage\",\"url\":\"https:\/\/tiyana.net\/wp-content\/uploads\/2022\/04\/sesira.jpg\",\"contentUrl\":\"https:\/\/tiyana.net\/wp-content\/uploads\/2022\/04\/sesira.jpg\",\"width\":776,\"height\":776},{\"@type\":\"BreadcrumbList\",\"@id\":\"https:\/\/tiyana.net\/sr\/prolecna-izlozba\/#breadcrumb\",\"itemListElement\":[{\"@type\":\"ListItem\",\"position\":1,\"name\":\"Home\",\"item\":\"https:\/\/tiyana.net\/sr\/\"},{\"@type\":\"ListItem\",\"position\":2,\"name\":\"Prole\u0107na izlo\u017eba ULUS-a\"}]},{\"@type\":\"WebSite\",\"@id\":\"https:\/\/tiyana.net\/sr\/#website\",\"url\":\"https:\/\/tiyana.net\/sr\/\",\"name\":\"Profesionalni fotograf Beograd, Srbija\",\"description\":\"Profesionalni fotograf specijalizovan za portrete, modnu, reklamnu i produkt fotografiju, foto studio u Beogradu\",\"publisher\":{\"@id\":\"https:\/\/tiyana.net\/sr\/#organization\"},\"potentialAction\":[{\"@type\":\"SearchAction\",\"target\":{\"@type\":\"EntryPoint\",\"urlTemplate\":\"https:\/\/tiyana.net\/sr\/?s={search_term_string}\"},\"query-input\":{\"@type\":\"PropertyValueSpecification\",\"valueRequired\":true,\"valueName\":\"search_term_string\"}}],\"inLanguage\":\"sr-RS\"},{\"@type\":\"Organization\",\"@id\":\"https:\/\/tiyana.net\/sr\/#organization\",\"name\":\"Profesionalni fotograf Beograd, Srbija\",\"url\":\"https:\/\/tiyana.net\/sr\/\",\"logo\":{\"@type\":\"ImageObject\",\"inLanguage\":\"sr-RS\",\"@id\":\"https:\/\/tiyana.net\/sr\/#\/schema\/logo\/image\/\",\"url\":\"https:\/\/tiyana.net\/wp-content\/uploads\/2022\/07\/catenamedialogo.jpg\",\"contentUrl\":\"https:\/\/tiyana.net\/wp-content\/uploads\/2022\/07\/catenamedialogo.jpg\",\"width\":525,\"height\":525,\"caption\":\"Profesionalni fotograf Beograd, Srbija\"},\"image\":{\"@id\":\"https:\/\/tiyana.net\/sr\/#\/schema\/logo\/image\/\"}},{\"@type\":\"Person\",\"@id\":\"https:\/\/tiyana.net\/sr\/#\/schema\/person\/99d5b93f2587f4ce935f593ba0533b45\",\"name\":\"Tiyana\",\"image\":{\"@type\":\"ImageObject\",\"inLanguage\":\"sr-RS\",\"@id\":\"https:\/\/tiyana.net\/sr\/#\/schema\/person\/image\/\",\"url\":\"https:\/\/secure.gravatar.com\/avatar\/3c9d06dc405caac7e2317f9ee34c97c82b3081977e5850fab48fbc440b432515?s=96&d=blank&r=g\",\"contentUrl\":\"https:\/\/secure.gravatar.com\/avatar\/3c9d06dc405caac7e2317f9ee34c97c82b3081977e5850fab48fbc440b432515?s=96&d=blank&r=g\",\"caption\":\"Tiyana\"},\"sameAs\":[\"https:\/\/tiyana.net\"],\"url\":\"https:\/\/tiyana.net\/sr\/author\/tiyana\/\"}]}<\/script>\n<!-- \/ Yoast SEO plugin. -->","yoast_head_json":{"title":"Prole\u0107na izlo\u017eba ULUS-a - Profesionalni fotograf Beograd, Srbija","robots":{"index":"index","follow":"follow","max-snippet":"max-snippet:-1","max-image-preview":"max-image-preview:large","max-video-preview":"max-video-preview:-1"},"canonical":"https:\/\/tiyana.net\/sr\/prolecna-izlozba\/","og_locale":"sr_RS","og_type":"article","og_title":"Prole\u0107na izlo\u017eba ULUS-a - Profesionalni fotograf Beograd, Srbija","og_description":"Pozivam vas na najdu\u017ee otvaranje izlo\u017ebe u istoriji ULUS-a koje \u0107e trajati 72 sata sa po\u010detkom u \u010detvrtak 7. aprila na kojoj \u0107e biti jedan moj rad me\u0111u ostalim kao najava za samostalnu izlo\u017ebu u pripremi.","og_url":"https:\/\/tiyana.net\/sr\/prolecna-izlozba\/","og_site_name":"Profesionalni fotograf Beograd, Srbija","article_published_time":"2022-04-05T09:55:35+00:00","article_modified_time":"2023-01-13T15:40:00+00:00","og_image":[{"width":776,"height":776,"url":"https:\/\/tiyana.net\/wp-content\/uploads\/2022\/04\/sesira.jpg","type":"image\/jpeg"}],"author":"Tiyana","twitter_card":"summary_large_image","twitter_misc":{"\u041d\u0430\u043f\u0438\u0441\u0430\u043d\u043e \u043e\u0434":"Tiyana","\u041f\u0440\u043e\u0446\u0435\u045a\u0435\u043d\u043e \u0432\u0440\u0435\u043c\u0435 \u0447\u0438\u0442\u0430\u045a\u0430":"2 \u043c\u0438\u043d\u0443\u0442\u0430"},"schema":{"@context":"https:\/\/schema.org","@graph":[{"@type":"Article","@id":"https:\/\/tiyana.net\/sr\/prolecna-izlozba\/#article","isPartOf":{"@id":"https:\/\/tiyana.net\/sr\/prolecna-izlozba\/"},"author":{"name":"Tiyana","@id":"https:\/\/tiyana.net\/sr\/#\/schema\/person\/99d5b93f2587f4ce935f593ba0533b45"},"headline":"Prole\u0107na izlo\u017eba ULUS-a","datePublished":"2022-04-05T09:55:35+00:00","dateModified":"2023-01-13T15:40:00+00:00","mainEntityOfPage":{"@id":"https:\/\/tiyana.net\/sr\/prolecna-izlozba\/"},"wordCount":358,"commentCount":0,"publisher":{"@id":"https:\/\/tiyana.net\/sr\/#organization"},"image":{"@id":"https:\/\/tiyana.net\/sr\/prolecna-izlozba\/#primaryimage"},"thumbnailUrl":"https:\/\/tiyana.net\/wp-content\/uploads\/2022\/04\/sesira.jpg","keywords":["Izlo\u017eba","Kreativa","Najave","Projekti"],"articleSection":["Izlo\u017ebe"],"inLanguage":"sr-RS","potentialAction":[{"@type":"CommentAction","name":"Comment","target":["https:\/\/tiyana.net\/sr\/prolecna-izlozba\/#respond"]}]},{"@type":"WebPage","@id":"https:\/\/tiyana.net\/sr\/prolecna-izlozba\/","url":"https:\/\/tiyana.net\/sr\/prolecna-izlozba\/","name":"Prole\u0107na izlo\u017eba ULUS-a - Profesionalni fotograf Beograd, Srbija","isPartOf":{"@id":"https:\/\/tiyana.net\/sr\/#website"},"primaryImageOfPage":{"@id":"https:\/\/tiyana.net\/sr\/prolecna-izlozba\/#primaryimage"},"image":{"@id":"https:\/\/tiyana.net\/sr\/prolecna-izlozba\/#primaryimage"},"thumbnailUrl":"https:\/\/tiyana.net\/wp-content\/uploads\/2022\/04\/sesira.jpg","datePublished":"2022-04-05T09:55:35+00:00","dateModified":"2023-01-13T15:40:00+00:00","breadcrumb":{"@id":"https:\/\/tiyana.net\/sr\/prolecna-izlozba\/#breadcrumb"},"inLanguage":"sr-RS","potentialAction":[{"@type":"ReadAction","target":["https:\/\/tiyana.net\/sr\/prolecna-izlozba\/"]}]},{"@type":"ImageObject","inLanguage":"sr-RS","@id":"https:\/\/tiyana.net\/sr\/prolecna-izlozba\/#primaryimage","url":"https:\/\/tiyana.net\/wp-content\/uploads\/2022\/04\/sesira.jpg","contentUrl":"https:\/\/tiyana.net\/wp-content\/uploads\/2022\/04\/sesira.jpg","width":776,"height":776},{"@type":"BreadcrumbList","@id":"https:\/\/tiyana.net\/sr\/prolecna-izlozba\/#breadcrumb","itemListElement":[{"@type":"ListItem","position":1,"name":"Home","item":"https:\/\/tiyana.net\/sr\/"},{"@type":"ListItem","position":2,"name":"Prole\u0107na izlo\u017eba ULUS-a"}]},{"@type":"WebSite","@id":"https:\/\/tiyana.net\/sr\/#website","url":"https:\/\/tiyana.net\/sr\/","name":"Profesionalni fotograf Beograd, Srbija","description":"Profesionalni fotograf specijalizovan za portrete, modnu, reklamnu i produkt fotografiju, foto studio u Beogradu","publisher":{"@id":"https:\/\/tiyana.net\/sr\/#organization"},"potentialAction":[{"@type":"SearchAction","target":{"@type":"EntryPoint","urlTemplate":"https:\/\/tiyana.net\/sr\/?s={search_term_string}"},"query-input":{"@type":"PropertyValueSpecification","valueRequired":true,"valueName":"search_term_string"}}],"inLanguage":"sr-RS"},{"@type":"Organization","@id":"https:\/\/tiyana.net\/sr\/#organization","name":"Profesionalni fotograf Beograd, Srbija","url":"https:\/\/tiyana.net\/sr\/","logo":{"@type":"ImageObject","inLanguage":"sr-RS","@id":"https:\/\/tiyana.net\/sr\/#\/schema\/logo\/image\/","url":"https:\/\/tiyana.net\/wp-content\/uploads\/2022\/07\/catenamedialogo.jpg","contentUrl":"https:\/\/tiyana.net\/wp-content\/uploads\/2022\/07\/catenamedialogo.jpg","width":525,"height":525,"caption":"Profesionalni fotograf Beograd, Srbija"},"image":{"@id":"https:\/\/tiyana.net\/sr\/#\/schema\/logo\/image\/"}},{"@type":"Person","@id":"https:\/\/tiyana.net\/sr\/#\/schema\/person\/99d5b93f2587f4ce935f593ba0533b45","name":"Tiyana","image":{"@type":"ImageObject","inLanguage":"sr-RS","@id":"https:\/\/tiyana.net\/sr\/#\/schema\/person\/image\/","url":"https:\/\/secure.gravatar.com\/avatar\/3c9d06dc405caac7e2317f9ee34c97c82b3081977e5850fab48fbc440b432515?s=96&d=blank&r=g","contentUrl":"https:\/\/secure.gravatar.com\/avatar\/3c9d06dc405caac7e2317f9ee34c97c82b3081977e5850fab48fbc440b432515?s=96&d=blank&r=g","caption":"Tiyana"},"sameAs":["https:\/\/tiyana.net"],"url":"https:\/\/tiyana.net\/sr\/author\/tiyana\/"}]}},"author_meta":{"display_name":"Tiyana","author_link":"https:\/\/tiyana.net\/sr\/author\/tiyana\/"},"featured_img":"https:\/\/tiyana.net\/wp-content\/uploads\/2022\/04\/sesira-300x300.jpg","coauthors":[],"tax_additional":{"categories":{"linked":["<a href=\"https:\/\/tiyana.net\/sr\/category\/izlozbe\/\" class=\"advgb-post-tax-term\">Izlo\u017ebe<\/a>"],"unlinked":["<span class=\"advgb-post-tax-term\">Izlo\u017ebe<\/span>"]},"tags":{"linked":["<a href=\"https:\/\/tiyana.net\/sr\/category\/izlozbe\/\" class=\"advgb-post-tax-term\">Izlo\u017eba<\/a>","<a href=\"https:\/\/tiyana.net\/sr\/category\/izlozbe\/\" class=\"advgb-post-tax-term\">Kreativa<\/a>","<a href=\"https:\/\/tiyana.net\/sr\/category\/izlozbe\/\" class=\"advgb-post-tax-term\">Najave<\/a>","<a href=\"https:\/\/tiyana.net\/sr\/category\/izlozbe\/\" class=\"advgb-post-tax-term\">Projekti<\/a>"],"unlinked":["<span class=\"advgb-post-tax-term\">Izlo\u017eba<\/span>","<span class=\"advgb-post-tax-term\">Kreativa<\/span>","<span class=\"advgb-post-tax-term\">Najave<\/span>","<span class=\"advgb-post-tax-term\">Projekti<\/span>"]}},"comment_count":"0","relative_dates":{"created":"Posted 4 \u0433\u043e\u0434\u0438\u043d\u0435 ago","modified":"Updated 3 \u0433\u043e\u0434\u0438\u043d\u0435 ago"},"absolute_dates":{"created":"Posted on 05\/04\/2022","modified":"Updated on 13\/01\/2023"},"absolute_dates_time":{"created":"Posted on 05\/04\/2022 10:55","modified":"Updated on 13\/01\/2023 16:40"},"featured_img_caption":"","series_order":"","_links":{"self":[{"href":"https:\/\/tiyana.net\/sr\/wp-json\/wp\/v2\/posts\/15706","targetHints":{"allow":["GET"]}}],"collection":[{"href":"https:\/\/tiyana.net\/sr\/wp-json\/wp\/v2\/posts"}],"about":[{"href":"https:\/\/tiyana.net\/sr\/wp-json\/wp\/v2\/types\/post"}],"author":[{"embeddable":true,"href":"https:\/\/tiyana.net\/sr\/wp-json\/wp\/v2\/users\/2"}],"replies":[{"embeddable":true,"href":"https:\/\/tiyana.net\/sr\/wp-json\/wp\/v2\/comments?post=15706"}],"version-history":[{"count":0,"href":"https:\/\/tiyana.net\/sr\/wp-json\/wp\/v2\/posts\/15706\/revisions"}],"wp:featuredmedia":[{"embeddable":true,"href":"https:\/\/tiyana.net\/sr\/wp-json\/wp\/v2\/media\/15710"}],"wp:attachment":[{"href":"https:\/\/tiyana.net\/sr\/wp-json\/wp\/v2\/media?parent=15706"}],"wp:term":[{"taxonomy":"category","embeddable":true,"href":"https:\/\/tiyana.net\/sr\/wp-json\/wp\/v2\/categories?post=15706"},{"taxonomy":"post_tag","embeddable":true,"href":"https:\/\/tiyana.net\/sr\/wp-json\/wp\/v2\/tags?post=15706"}],"curies":[{"name":"wp","href":"https:\/\/api.w.org\/{rel}","templated":true}]}}