{"id":4209,"date":"2017-08-23T20:37:59","date_gmt":"2017-08-23T20:37:59","guid":{"rendered":"https:\/\/tiyana.net\/?p=4209\/"},"modified":"2018-10-17T09:48:08","modified_gmt":"2018-10-17T09:48:08","slug":"trois-jours-a-la-date-limite","status":"publish","type":"post","link":"https:\/\/tiyana.net\/fr\/trois-jours-a-la-date-limite\/","title":{"rendered":"Trois jours \u00e0 la date limite!"},"content":{"rendered":"<section  class=\"fw-main-row \" style=\"background-color:#ededed;padding-left:15px;padding-right:15px;padding-top:25px;padding-bottom:25px;\" >\n\t<div class=\"fw-container-fluid\">\n\t\t<div class=\"fw-row\">\n\t\t\n\t<div class=\"fw-col-xs-12 fw-col-sm-9 is-col\" style=\"\">\n\t\t\t\t\t<div class=\"is-text\">\n\t\t\t\n<p>Il ne reste que 3 jours pour soumettre des photos au concours photo Smederevo. Le 7\u00e8me SALON INTERNATIONAL DE L'ART PHOTOGRAPHIE SMEDEREVO 2017 2017 est un concours international de photographie d'art, organis\u00e9 par le club photo Smederevo en association avec la Galerie d'art contemporain Smederevo, en Serbie.<\/p><p><b>Le jury:<\/b><\/p><p><b>Goran MALI\u0106<\/b>; EFIAP, MF FSS (Serbia)<br \/><b>Zdravko SIMIJONOVI\u0106<\/b>; AFIAP, FA I KLASS FSS (Serbia)<br \/><b>\u017deljko DJURI\u0106<\/b>; EFIAP, MF FSS (Serbia)<\/p><p>Exhibition chairman:<\/p><p><b>Dragoslav Mirkovi\u0107, <\/b>qui \u00e9tait l'associ\u00e9 de l'Acad\u00e9mie des arts appliqu\u00e9s \u00e0 Belgrade et j'ai eu la chance d'apprendre de lui beaucoup sur le d\u00e9veloppement de photographies analogiques.<\/p><p>J'ai le privil\u00e8ge de participer \u00e0 l'organisation de ce concours international, de sorte que chaque ann\u00e9e, pendant que je dessine et je pr\u00e9pare le catalogue pour les meilleures photos, je suis parmi les premiers \u00e0 voir les photos gagnantes. Ici, vous pouvez jeter un coup d'oeil au catalogue de l'ann\u00e9e derni\u00e8re et voici <a href=\"http:\/\/www.fotokinoklub-smederevo.com\/\" target=\"_blank\" rel=\"noopener\">leur lien<\/a> de site Web pour\u00a0postuler au concours le plus t\u00f4t possible.<\/p><div class=\"issuuembed\" style=\"width: 100%; height: 600px;\" data-configid=\"14082497\/52461608\">\u00a0<\/div><p><script type=\"text\/javascript\" src=\"\/\/e.issuu.com\/embed.js\" async=\"true\"><\/script><\/p>\n\t\t\t<\/div>\n\t\t\t<\/div>\n<div class=\"fw-col-xs-12 fw-col-sm-3\" style=\"\">\n\t<div class=\"shortcode-widget-area\"><\/div>\n<\/div>\n<\/div>\n\n\t<\/div>\n<\/section>\n\n","protected":false},"excerpt":{"rendered":"<p>Il ne reste que 3 jours pour soumettre des photos au concours photo Smederevo. Le 7\u00e8me SALON INTERNATIONAL DE L&rsquo;ART PHOTOGRAPHIE SMEDEREVO 2017 2017 est un concours international de photographie d&rsquo;art, organis\u00e9 par le club photo Smederevo en association avec la Galerie d&rsquo;art contemporain Smederevo, en Serbie.Le jury:Goran MALI\u0106; EFIAP, MF FSS (Serbia)Zdravko SIMIJONOVI\u0106; AFIAP, [&hellip;]<\/p>\n","protected":false},"author":2,"featured_media":4206,"comment_status":"open","ping_status":"closed","sticky":false,"template":"","format":"standard","meta":{"_acf_changed":false,"advgb_blocks_editor_width":"","advgb_blocks_columns_visual_guide":"","footnotes":""},"categories":[5],"tags":[92],"class_list":["post-4209","post","type-post","status-publish","format-standard","has-post-thumbnail","hentry","category-l-exposition","tag-les-annonces"],"acf":[],"yoast_head":"<!-- This site is optimized with the Yoast SEO plugin v27.5 - https:\/\/yoast.com\/product\/yoast-seo-wordpress\/ -->\n<title>Trois jours \u00e0 la date limite! - La photographe professionnel Belgrade, Serbia<\/title>\n<meta name=\"robots\" content=\"index, follow, max-snippet:-1, max-image-preview:large, max-video-preview:-1\" \/>\n<link rel=\"canonical\" href=\"https:\/\/tiyana.net\/fr\/trois-jours-a-la-date-limite\/\" \/>\n<meta property=\"og:locale\" content=\"fr_FR\" \/>\n<meta property=\"og:type\" content=\"article\" \/>\n<meta property=\"og:title\" content=\"Trois jours \u00e0 la date limite! - La photographe professionnel Belgrade, Serbia\" \/>\n<meta property=\"og:description\" content=\"Il ne reste que 3 jours pour soumettre des photos au concours photo Smederevo. Le 7\u00e8me SALON INTERNATIONAL DE L&#039;ART PHOTOGRAPHIE SMEDEREVO 2017 2017 est un concours international de photographie d&#039;art, organis\u00e9 par le club photo Smederevo en association avec la Galerie d&#039;art contemporain Smederevo, en Serbie.Le jury:Goran MALI\u0106; EFIAP, MF FSS (Serbia)Zdravko SIMIJONOVI\u0106; AFIAP, [&hellip;]\" \/>\n<meta property=\"og:url\" content=\"https:\/\/tiyana.net\/fr\/trois-jours-a-la-date-limite\/\" \/>\n<meta property=\"og:site_name\" content=\"La photographe professionnel Belgrade, Serbia\" \/>\n<meta property=\"article:published_time\" content=\"2017-08-23T20:37:59+00:00\" \/>\n<meta property=\"article:modified_time\" content=\"2018-10-17T09:48:08+00:00\" \/>\n<meta property=\"og:image\" content=\"https:\/\/tiyana.net\/wp-content\/uploads\/2017\/08\/Smederevo.jpg\" \/>\n\t<meta property=\"og:image:width\" content=\"998\" \/>\n\t<meta property=\"og:image:height\" content=\"760\" \/>\n\t<meta property=\"og:image:type\" content=\"image\/jpeg\" \/>\n<meta name=\"author\" content=\"Tiyana\" \/>\n<meta name=\"twitter:card\" content=\"summary_large_image\" \/>\n<meta name=\"twitter:label1\" content=\"\u00c9crit par\" \/>\n\t<meta name=\"twitter:data1\" content=\"Tiyana\" \/>\n\t<meta name=\"twitter:label2\" content=\"Dur\u00e9e de lecture estim\u00e9e\" \/>\n\t<meta name=\"twitter:data2\" content=\"1 minute\" \/>\n<script type=\"application\/ld+json\" class=\"yoast-schema-graph\">{\"@context\":\"https:\\\/\\\/schema.org\",\"@graph\":[{\"@type\":\"Article\",\"@id\":\"https:\\\/\\\/tiyana.net\\\/fr\\\/trois-jours-a-la-date-limite\\\/#article\",\"isPartOf\":{\"@id\":\"https:\\\/\\\/tiyana.net\\\/fr\\\/trois-jours-a-la-date-limite\\\/\"},\"author\":{\"name\":\"Tiyana\",\"@id\":\"https:\\\/\\\/tiyana.net\\\/fr\\\/#\\\/schema\\\/person\\\/99d5b93f2587f4ce935f593ba0533b45\"},\"headline\":\"Trois jours \u00e0 la date limite!\",\"datePublished\":\"2017-08-23T20:37:59+00:00\",\"dateModified\":\"2018-10-17T09:48:08+00:00\",\"mainEntityOfPage\":{\"@id\":\"https:\\\/\\\/tiyana.net\\\/fr\\\/trois-jours-a-la-date-limite\\\/\"},\"wordCount\":269,\"commentCount\":0,\"publisher\":{\"@id\":\"https:\\\/\\\/tiyana.net\\\/fr\\\/#organization\"},\"image\":{\"@id\":\"https:\\\/\\\/tiyana.net\\\/fr\\\/trois-jours-a-la-date-limite\\\/#primaryimage\"},\"thumbnailUrl\":\"https:\\\/\\\/tiyana.net\\\/wp-content\\\/uploads\\\/2017\\\/08\\\/Smederevo.jpg\",\"keywords\":[\"Les annonces\"],\"articleSection\":[\"L'exposition\"],\"inLanguage\":\"fr-FR\",\"potentialAction\":[{\"@type\":\"CommentAction\",\"name\":\"Comment\",\"target\":[\"https:\\\/\\\/tiyana.net\\\/fr\\\/trois-jours-a-la-date-limite\\\/#respond\"]}]},{\"@type\":\"WebPage\",\"@id\":\"https:\\\/\\\/tiyana.net\\\/fr\\\/trois-jours-a-la-date-limite\\\/\",\"url\":\"https:\\\/\\\/tiyana.net\\\/fr\\\/trois-jours-a-la-date-limite\\\/\",\"name\":\"Trois jours \u00e0 la date limite! - La photographe professionnel Belgrade, Serbia\",\"isPartOf\":{\"@id\":\"https:\\\/\\\/tiyana.net\\\/fr\\\/#website\"},\"primaryImageOfPage\":{\"@id\":\"https:\\\/\\\/tiyana.net\\\/fr\\\/trois-jours-a-la-date-limite\\\/#primaryimage\"},\"image\":{\"@id\":\"https:\\\/\\\/tiyana.net\\\/fr\\\/trois-jours-a-la-date-limite\\\/#primaryimage\"},\"thumbnailUrl\":\"https:\\\/\\\/tiyana.net\\\/wp-content\\\/uploads\\\/2017\\\/08\\\/Smederevo.jpg\",\"datePublished\":\"2017-08-23T20:37:59+00:00\",\"dateModified\":\"2018-10-17T09:48:08+00:00\",\"breadcrumb\":{\"@id\":\"https:\\\/\\\/tiyana.net\\\/fr\\\/trois-jours-a-la-date-limite\\\/#breadcrumb\"},\"inLanguage\":\"fr-FR\",\"potentialAction\":[{\"@type\":\"ReadAction\",\"target\":[\"https:\\\/\\\/tiyana.net\\\/fr\\\/trois-jours-a-la-date-limite\\\/\"]}]},{\"@type\":\"ImageObject\",\"inLanguage\":\"fr-FR\",\"@id\":\"https:\\\/\\\/tiyana.net\\\/fr\\\/trois-jours-a-la-date-limite\\\/#primaryimage\",\"url\":\"https:\\\/\\\/tiyana.net\\\/wp-content\\\/uploads\\\/2017\\\/08\\\/Smederevo.jpg\",\"contentUrl\":\"https:\\\/\\\/tiyana.net\\\/wp-content\\\/uploads\\\/2017\\\/08\\\/Smederevo.jpg\",\"width\":998,\"height\":760},{\"@type\":\"BreadcrumbList\",\"@id\":\"https:\\\/\\\/tiyana.net\\\/fr\\\/trois-jours-a-la-date-limite\\\/#breadcrumb\",\"itemListElement\":[{\"@type\":\"ListItem\",\"position\":1,\"name\":\"Home\",\"item\":\"https:\\\/\\\/tiyana.net\\\/fr\\\/\"},{\"@type\":\"ListItem\",\"position\":2,\"name\":\"Trois jours \u00e0 la date limite!\"}]},{\"@type\":\"WebSite\",\"@id\":\"https:\\\/\\\/tiyana.net\\\/fr\\\/#website\",\"url\":\"https:\\\/\\\/tiyana.net\\\/fr\\\/\",\"name\":\"La photographe professionnel Belgrade, Serbia\",\"description\":\"Photographe professionnel sp\u00e9cialis\u00e9 dans les portraits, la mode, la photographie commerciale et de produits avec un studio \u00e0 Belgrade\",\"publisher\":{\"@id\":\"https:\\\/\\\/tiyana.net\\\/fr\\\/#organization\"},\"potentialAction\":[{\"@type\":\"SearchAction\",\"target\":{\"@type\":\"EntryPoint\",\"urlTemplate\":\"https:\\\/\\\/tiyana.net\\\/fr\\\/?s={search_term_string}\"},\"query-input\":{\"@type\":\"PropertyValueSpecification\",\"valueRequired\":true,\"valueName\":\"search_term_string\"}}],\"inLanguage\":\"fr-FR\"},{\"@type\":\"Organization\",\"@id\":\"https:\\\/\\\/tiyana.net\\\/fr\\\/#organization\",\"name\":\"La photographe professionnel Belgrade, Serbia\",\"url\":\"https:\\\/\\\/tiyana.net\\\/fr\\\/\",\"logo\":{\"@type\":\"ImageObject\",\"inLanguage\":\"fr-FR\",\"@id\":\"https:\\\/\\\/tiyana.net\\\/fr\\\/#\\\/schema\\\/logo\\\/image\\\/\",\"url\":\"https:\\\/\\\/tiyana.net\\\/wp-content\\\/uploads\\\/2022\\\/07\\\/catenamedialogo.jpg\",\"contentUrl\":\"https:\\\/\\\/tiyana.net\\\/wp-content\\\/uploads\\\/2022\\\/07\\\/catenamedialogo.jpg\",\"width\":525,\"height\":525,\"caption\":\"La photographe professionnel Belgrade, Serbia\"},\"image\":{\"@id\":\"https:\\\/\\\/tiyana.net\\\/fr\\\/#\\\/schema\\\/logo\\\/image\\\/\"}},{\"@type\":\"Person\",\"@id\":\"https:\\\/\\\/tiyana.net\\\/fr\\\/#\\\/schema\\\/person\\\/99d5b93f2587f4ce935f593ba0533b45\",\"name\":\"Tiyana\",\"image\":{\"@type\":\"ImageObject\",\"inLanguage\":\"fr-FR\",\"@id\":\"https:\\\/\\\/secure.gravatar.com\\\/avatar\\\/3c9d06dc405caac7e2317f9ee34c97c82b3081977e5850fab48fbc440b432515?s=96&d=blank&r=g\",\"url\":\"https:\\\/\\\/secure.gravatar.com\\\/avatar\\\/3c9d06dc405caac7e2317f9ee34c97c82b3081977e5850fab48fbc440b432515?s=96&d=blank&r=g\",\"contentUrl\":\"https:\\\/\\\/secure.gravatar.com\\\/avatar\\\/3c9d06dc405caac7e2317f9ee34c97c82b3081977e5850fab48fbc440b432515?s=96&d=blank&r=g\",\"caption\":\"Tiyana\"},\"sameAs\":[\"https:\\\/\\\/tiyana.net\"],\"url\":\"https:\\\/\\\/tiyana.net\\\/fr\\\/author\\\/tiyana\\\/\"}]}<\/script>\n<!-- \/ Yoast SEO plugin. -->","yoast_head_json":{"title":"Trois jours \u00e0 la date limite! - La photographe professionnel Belgrade, Serbia","robots":{"index":"index","follow":"follow","max-snippet":"max-snippet:-1","max-image-preview":"max-image-preview:large","max-video-preview":"max-video-preview:-1"},"canonical":"https:\/\/tiyana.net\/fr\/trois-jours-a-la-date-limite\/","og_locale":"fr_FR","og_type":"article","og_title":"Trois jours \u00e0 la date limite! - La photographe professionnel Belgrade, Serbia","og_description":"Il ne reste que 3 jours pour soumettre des photos au concours photo Smederevo. Le 7\u00e8me SALON INTERNATIONAL DE L'ART PHOTOGRAPHIE SMEDEREVO 2017 2017 est un concours international de photographie d'art, organis\u00e9 par le club photo Smederevo en association avec la Galerie d'art contemporain Smederevo, en Serbie.Le jury:Goran MALI\u0106; EFIAP, MF FSS (Serbia)Zdravko SIMIJONOVI\u0106; AFIAP, [&hellip;]","og_url":"https:\/\/tiyana.net\/fr\/trois-jours-a-la-date-limite\/","og_site_name":"La photographe professionnel Belgrade, Serbia","article_published_time":"2017-08-23T20:37:59+00:00","article_modified_time":"2018-10-17T09:48:08+00:00","og_image":[{"width":998,"height":760,"url":"https:\/\/tiyana.net\/wp-content\/uploads\/2017\/08\/Smederevo.jpg","type":"image\/jpeg"}],"author":"Tiyana","twitter_card":"summary_large_image","twitter_misc":{"\u00c9crit par":"Tiyana","Dur\u00e9e de lecture estim\u00e9e":"1 minute"},"schema":{"@context":"https:\/\/schema.org","@graph":[{"@type":"Article","@id":"https:\/\/tiyana.net\/fr\/trois-jours-a-la-date-limite\/#article","isPartOf":{"@id":"https:\/\/tiyana.net\/fr\/trois-jours-a-la-date-limite\/"},"author":{"name":"Tiyana","@id":"https:\/\/tiyana.net\/fr\/#\/schema\/person\/99d5b93f2587f4ce935f593ba0533b45"},"headline":"Trois jours \u00e0 la date limite!","datePublished":"2017-08-23T20:37:59+00:00","dateModified":"2018-10-17T09:48:08+00:00","mainEntityOfPage":{"@id":"https:\/\/tiyana.net\/fr\/trois-jours-a-la-date-limite\/"},"wordCount":269,"commentCount":0,"publisher":{"@id":"https:\/\/tiyana.net\/fr\/#organization"},"image":{"@id":"https:\/\/tiyana.net\/fr\/trois-jours-a-la-date-limite\/#primaryimage"},"thumbnailUrl":"https:\/\/tiyana.net\/wp-content\/uploads\/2017\/08\/Smederevo.jpg","keywords":["Les annonces"],"articleSection":["L'exposition"],"inLanguage":"fr-FR","potentialAction":[{"@type":"CommentAction","name":"Comment","target":["https:\/\/tiyana.net\/fr\/trois-jours-a-la-date-limite\/#respond"]}]},{"@type":"WebPage","@id":"https:\/\/tiyana.net\/fr\/trois-jours-a-la-date-limite\/","url":"https:\/\/tiyana.net\/fr\/trois-jours-a-la-date-limite\/","name":"Trois jours \u00e0 la date limite! - La photographe professionnel Belgrade, Serbia","isPartOf":{"@id":"https:\/\/tiyana.net\/fr\/#website"},"primaryImageOfPage":{"@id":"https:\/\/tiyana.net\/fr\/trois-jours-a-la-date-limite\/#primaryimage"},"image":{"@id":"https:\/\/tiyana.net\/fr\/trois-jours-a-la-date-limite\/#primaryimage"},"thumbnailUrl":"https:\/\/tiyana.net\/wp-content\/uploads\/2017\/08\/Smederevo.jpg","datePublished":"2017-08-23T20:37:59+00:00","dateModified":"2018-10-17T09:48:08+00:00","breadcrumb":{"@id":"https:\/\/tiyana.net\/fr\/trois-jours-a-la-date-limite\/#breadcrumb"},"inLanguage":"fr-FR","potentialAction":[{"@type":"ReadAction","target":["https:\/\/tiyana.net\/fr\/trois-jours-a-la-date-limite\/"]}]},{"@type":"ImageObject","inLanguage":"fr-FR","@id":"https:\/\/tiyana.net\/fr\/trois-jours-a-la-date-limite\/#primaryimage","url":"https:\/\/tiyana.net\/wp-content\/uploads\/2017\/08\/Smederevo.jpg","contentUrl":"https:\/\/tiyana.net\/wp-content\/uploads\/2017\/08\/Smederevo.jpg","width":998,"height":760},{"@type":"BreadcrumbList","@id":"https:\/\/tiyana.net\/fr\/trois-jours-a-la-date-limite\/#breadcrumb","itemListElement":[{"@type":"ListItem","position":1,"name":"Home","item":"https:\/\/tiyana.net\/fr\/"},{"@type":"ListItem","position":2,"name":"Trois jours \u00e0 la date limite!"}]},{"@type":"WebSite","@id":"https:\/\/tiyana.net\/fr\/#website","url":"https:\/\/tiyana.net\/fr\/","name":"La photographe professionnel Belgrade, Serbia","description":"Photographe professionnel sp\u00e9cialis\u00e9 dans les portraits, la mode, la photographie commerciale et de produits avec un studio \u00e0 Belgrade","publisher":{"@id":"https:\/\/tiyana.net\/fr\/#organization"},"potentialAction":[{"@type":"SearchAction","target":{"@type":"EntryPoint","urlTemplate":"https:\/\/tiyana.net\/fr\/?s={search_term_string}"},"query-input":{"@type":"PropertyValueSpecification","valueRequired":true,"valueName":"search_term_string"}}],"inLanguage":"fr-FR"},{"@type":"Organization","@id":"https:\/\/tiyana.net\/fr\/#organization","name":"La photographe professionnel Belgrade, Serbia","url":"https:\/\/tiyana.net\/fr\/","logo":{"@type":"ImageObject","inLanguage":"fr-FR","@id":"https:\/\/tiyana.net\/fr\/#\/schema\/logo\/image\/","url":"https:\/\/tiyana.net\/wp-content\/uploads\/2022\/07\/catenamedialogo.jpg","contentUrl":"https:\/\/tiyana.net\/wp-content\/uploads\/2022\/07\/catenamedialogo.jpg","width":525,"height":525,"caption":"La photographe professionnel Belgrade, Serbia"},"image":{"@id":"https:\/\/tiyana.net\/fr\/#\/schema\/logo\/image\/"}},{"@type":"Person","@id":"https:\/\/tiyana.net\/fr\/#\/schema\/person\/99d5b93f2587f4ce935f593ba0533b45","name":"Tiyana","image":{"@type":"ImageObject","inLanguage":"fr-FR","@id":"https:\/\/secure.gravatar.com\/avatar\/3c9d06dc405caac7e2317f9ee34c97c82b3081977e5850fab48fbc440b432515?s=96&d=blank&r=g","url":"https:\/\/secure.gravatar.com\/avatar\/3c9d06dc405caac7e2317f9ee34c97c82b3081977e5850fab48fbc440b432515?s=96&d=blank&r=g","contentUrl":"https:\/\/secure.gravatar.com\/avatar\/3c9d06dc405caac7e2317f9ee34c97c82b3081977e5850fab48fbc440b432515?s=96&d=blank&r=g","caption":"Tiyana"},"sameAs":["https:\/\/tiyana.net"],"url":"https:\/\/tiyana.net\/fr\/author\/tiyana\/"}]}},"author_meta":{"display_name":"Tiyana","author_link":"https:\/\/tiyana.net\/fr\/author\/tiyana\/"},"featured_img":"https:\/\/tiyana.net\/wp-content\/uploads\/2017\/08\/Smederevo.jpg","coauthors":[],"tax_additional":{"categories":{"linked":["<a href=\"https:\/\/tiyana.net\/fr\/category\/l-exposition\/\" class=\"advgb-post-tax-term\">L&#039;exposition<\/a>"],"unlinked":["<span class=\"advgb-post-tax-term\">L&#039;exposition<\/span>"]},"tags":{"linked":["<a href=\"https:\/\/tiyana.net\/fr\/category\/l-exposition\/\" class=\"advgb-post-tax-term\">Les annonces<\/a>"],"unlinked":["<span class=\"advgb-post-tax-term\">Les annonces<\/span>"]}},"comment_count":"0","relative_dates":{"created":"Publi\u00e9 9 ans il y a","modified":"Mis \u00e0 jour 8 ans il y a"},"absolute_dates":{"created":"Publi\u00e9 le 23 ao\u00fbt 2017","modified":"Mise \u00e0 jour le 17 octobre 2018"},"absolute_dates_time":{"created":"Publi\u00e9 le 23 ao\u00fbt 2017 20h37","modified":"Mise \u00e0 jour le 17 octobre 2018 9h48"},"featured_img_caption":"","series_order":"","_links":{"self":[{"href":"https:\/\/tiyana.net\/fr\/wp-json\/wp\/v2\/posts\/4209","targetHints":{"allow":["GET"]}}],"collection":[{"href":"https:\/\/tiyana.net\/fr\/wp-json\/wp\/v2\/posts"}],"about":[{"href":"https:\/\/tiyana.net\/fr\/wp-json\/wp\/v2\/types\/post"}],"author":[{"embeddable":true,"href":"https:\/\/tiyana.net\/fr\/wp-json\/wp\/v2\/users\/2"}],"replies":[{"embeddable":true,"href":"https:\/\/tiyana.net\/fr\/wp-json\/wp\/v2\/comments?post=4209"}],"version-history":[{"count":0,"href":"https:\/\/tiyana.net\/fr\/wp-json\/wp\/v2\/posts\/4209\/revisions"}],"wp:featuredmedia":[{"embeddable":true,"href":"https:\/\/tiyana.net\/fr\/wp-json\/wp\/v2\/media\/4206"}],"wp:attachment":[{"href":"https:\/\/tiyana.net\/fr\/wp-json\/wp\/v2\/media?parent=4209"}],"wp:term":[{"taxonomy":"category","embeddable":true,"href":"https:\/\/tiyana.net\/fr\/wp-json\/wp\/v2\/categories?post=4209"},{"taxonomy":"post_tag","embeddable":true,"href":"https:\/\/tiyana.net\/fr\/wp-json\/wp\/v2\/tags?post=4209"}],"curies":[{"name":"wp","href":"https:\/\/api.w.org\/{rel}","templated":true}]}}